{"id":11827,"date":"2025-06-13T14:05:04","date_gmt":"2025-06-13T12:05:04","guid":{"rendered":"https:\/\/collegevauban-blaye.fr\/?p=11827"},"modified":"2025-06-13T16:50:21","modified_gmt":"2025-06-13T14:50:21","slug":"concours-de-lecture-a-voix-haute","status":"publish","type":"post","link":"http:\/\/collegevauban-blaye.fr\/?p=11827","title":{"rendered":"Concours de lecture \u00e0 voix haute"},"content":{"rendered":"\n<p style=\"text-align: justify;\">Mercredi 11 juin, au CDI du coll\u00e8ge, avait lieu pour la premi\u00e8re fois, la finale d&#8217;un concours de lecture \u00e0 voix haute, initi\u00e9 par Mme Lembert, professeure d&#8217;Histoire et G\u00e9ographie.<\/p>\n<p style=\"text-align: justify;\">La classe de 6G, dont elle est professeure principale, a travaill\u00e9 sur ce projet tout au long de l&#8217;ann\u00e9e en classe. Apr\u00e8s entra\u00eenement sur des textes qu&#8217;elle avait s\u00e9lectionn\u00e9s, les finalistes ont pu choisir un extrait d&#8217;ouvrage pour leur finale et se sont repr\u00e9sent\u00e9s devant un jury de personnels et d&#8217;enseignants du coll\u00e8ge.<\/p>\n<p style=\"text-align: justify;\">Le jury a pu appr\u00e9ci\u00e9 la grande qualit\u00e9 de leur prestation et m\u00eame si chacun des participants a \u00e9t\u00e9 r\u00e9compens\u00e9 par un joli marque page, un classement pour les 5 finalistes a \u00e9t\u00e9 \u00e9tabli avec de jolis cadeaux \u00e0 la cl\u00e9.<\/p>\n<p>Alors, toutes nos f\u00e9licitations \u00e0 la gagnante : Jeanne Bernard<\/p>\n<p>Deuxi\u00e8me place pour : Elias Mercier<\/p>\n<p>Troisi\u00e8me place pour : In\u00e8s Tenda Couturier<\/p>\n<p>Quatri\u00e8me place : Enora Lafon<\/p>\n<p>Cinqui\u00e8me place : L\u00e9na El Boukhari<\/p>\n\n\n\n\n<div class=\"wp-block-image\">\n<figure class=\"aligncenter size-large\"><img loading=\"lazy\" decoding=\"async\" width=\"1024\" height=\"769\" src=\"https:\/\/collegevauban-blaye.fr\/wp-content\/uploads\/2025\/06\/IMG_20250611_114053-1024x769.jpg\" alt=\"\" class=\"wp-image-11830\" srcset=\"http:\/\/collegevauban-blaye.fr\/wp-content\/uploads\/2025\/06\/IMG_20250611_114053-1024x769.jpg 1024w, http:\/\/collegevauban-blaye.fr\/wp-content\/uploads\/2025\/06\/IMG_20250611_114053-300x225.jpg 300w, http:\/\/collegevauban-blaye.fr\/wp-content\/uploads\/2025\/06\/IMG_20250611_114053-768x577.jpg 768w, http:\/\/collegevauban-blaye.fr\/wp-content\/uploads\/2025\/06\/IMG_20250611_114053-1536x1153.jpg 1536w, http:\/\/collegevauban-blaye.fr\/wp-content\/uploads\/2025\/06\/IMG_20250611_114053-2048x1538.jpg 2048w\" sizes=\"auto, (max-width: 767px) 89vw, (max-width: 1000px) 54vw, (max-width: 1071px) 543px, 580px\" \/><\/figure>\n<\/div>\n\n\n<figure class=\"wp-block-image size-large\"><img loading=\"lazy\" decoding=\"async\" width=\"769\" height=\"1024\" src=\"https:\/\/collegevauban-blaye.fr\/wp-content\/uploads\/2025\/06\/IMG_20250611_114350-769x1024.jpg\" alt=\"\" class=\"wp-image-11831\" srcset=\"http:\/\/collegevauban-blaye.fr\/wp-content\/uploads\/2025\/06\/IMG_20250611_114350-769x1024.jpg 769w, http:\/\/collegevauban-blaye.fr\/wp-content\/uploads\/2025\/06\/IMG_20250611_114350-225x300.jpg 225w, http:\/\/collegevauban-blaye.fr\/wp-content\/uploads\/2025\/06\/IMG_20250611_114350-768x1023.jpg 768w, http:\/\/collegevauban-blaye.fr\/wp-content\/uploads\/2025\/06\/IMG_20250611_114350-1153x1536.jpg 1153w, http:\/\/collegevauban-blaye.fr\/wp-content\/uploads\/2025\/06\/IMG_20250611_114350-1538x2048.jpg 1538w, http:\/\/collegevauban-blaye.fr\/wp-content\/uploads\/2025\/06\/IMG_20250611_114350-scaled.jpg 1922w\" sizes=\"auto, (max-width: 767px) 89vw, (max-width: 1000px) 54vw, (max-width: 1071px) 543px, 580px\" \/><\/figure>\n\n\n\n<figure class=\"wp-block-image size-large\"><img loading=\"lazy\" decoding=\"async\" width=\"1024\" height=\"769\" src=\"https:\/\/collegevauban-blaye.fr\/wp-content\/uploads\/2025\/06\/IMG_20250611_114213-1024x769.jpg\" alt=\"\" class=\"wp-image-11832\" srcset=\"http:\/\/collegevauban-blaye.fr\/wp-content\/uploads\/2025\/06\/IMG_20250611_114213-1024x769.jpg 1024w, http:\/\/collegevauban-blaye.fr\/wp-content\/uploads\/2025\/06\/IMG_20250611_114213-300x225.jpg 300w, http:\/\/collegevauban-blaye.fr\/wp-content\/uploads\/2025\/06\/IMG_20250611_114213-768x577.jpg 768w, http:\/\/collegevauban-blaye.fr\/wp-content\/uploads\/2025\/06\/IMG_20250611_114213-1536x1153.jpg 1536w, http:\/\/collegevauban-blaye.fr\/wp-content\/uploads\/2025\/06\/IMG_20250611_114213-2048x1538.jpg 2048w\" sizes=\"auto, (max-width: 767px) 89vw, (max-width: 1000px) 54vw, (max-width: 1071px) 543px, 580px\" \/><\/figure>\n\n\n\n<figure class=\"wp-block-image size-large\"><img loading=\"lazy\" decoding=\"async\" width=\"769\" height=\"1024\" src=\"https:\/\/collegevauban-blaye.fr\/wp-content\/uploads\/2025\/06\/IMG_20250611_114157-769x1024.jpg\" alt=\"\" class=\"wp-image-11833\" srcset=\"http:\/\/collegevauban-blaye.fr\/wp-content\/uploads\/2025\/06\/IMG_20250611_114157-769x1024.jpg 769w, http:\/\/collegevauban-blaye.fr\/wp-content\/uploads\/2025\/06\/IMG_20250611_114157-225x300.jpg 225w, http:\/\/collegevauban-blaye.fr\/wp-content\/uploads\/2025\/06\/IMG_20250611_114157-768x1023.jpg 768w, http:\/\/collegevauban-blaye.fr\/wp-content\/uploads\/2025\/06\/IMG_20250611_114157-1153x1536.jpg 1153w, http:\/\/collegevauban-blaye.fr\/wp-content\/uploads\/2025\/06\/IMG_20250611_114157-1538x2048.jpg 1538w, http:\/\/collegevauban-blaye.fr\/wp-content\/uploads\/2025\/06\/IMG_20250611_114157-scaled.jpg 1922w\" sizes=\"auto, (max-width: 767px) 89vw, (max-width: 1000px) 54vw, (max-width: 1071px) 543px, 580px\" \/><\/figure>\n","protected":false},"excerpt":{"rendered":"<p>Mercredi 11 juin, au CDI du coll\u00e8ge, avait lieu pour la premi\u00e8re fois, la finale d&#8217;un concours de lecture \u00e0 voix haute, initi\u00e9 par Mme Lembert, professeure d&#8217;Histoire et G\u00e9ographie. La classe de 6G, dont elle est professeure principale, a travaill\u00e9 sur ce projet tout au long de l&#8217;ann\u00e9e en classe. Apr\u00e8s entra\u00eenement sur des &hellip; <\/p>\n<p class=\"link-more\"><a href=\"http:\/\/collegevauban-blaye.fr\/?p=11827\" class=\"more-link\">Continuer la lecture<span class=\"screen-reader-text\"> de &laquo;&nbsp;Concours de lecture \u00e0 voix haute&nbsp;&raquo;<\/span><\/a><\/p>\n","protected":false},"author":3,"featured_media":11829,"comment_status":"closed","ping_status":"closed","sticky":false,"template":"","format":"standard","meta":{"footnotes":""},"categories":[48],"tags":[],"class_list":["post-11827","post","type-post","status-publish","format-standard","has-post-thumbnail","hentry","category-parcours-deducation-artistique-et-culturelle"],"_links":{"self":[{"href":"http:\/\/collegevauban-blaye.fr\/index.php?rest_route=\/wp\/v2\/posts\/11827","targetHints":{"allow":["GET"]}}],"collection":[{"href":"http:\/\/collegevauban-blaye.fr\/index.php?rest_route=\/wp\/v2\/posts"}],"about":[{"href":"http:\/\/collegevauban-blaye.fr\/index.php?rest_route=\/wp\/v2\/types\/post"}],"author":[{"embeddable":true,"href":"http:\/\/collegevauban-blaye.fr\/index.php?rest_route=\/wp\/v2\/users\/3"}],"replies":[{"embeddable":true,"href":"http:\/\/collegevauban-blaye.fr\/index.php?rest_route=%2Fwp%2Fv2%2Fcomments&post=11827"}],"version-history":[{"count":5,"href":"http:\/\/collegevauban-blaye.fr\/index.php?rest_route=\/wp\/v2\/posts\/11827\/revisions"}],"predecessor-version":[{"id":11837,"href":"http:\/\/collegevauban-blaye.fr\/index.php?rest_route=\/wp\/v2\/posts\/11827\/revisions\/11837"}],"wp:featuredmedia":[{"embeddable":true,"href":"http:\/\/collegevauban-blaye.fr\/index.php?rest_route=\/wp\/v2\/media\/11829"}],"wp:attachment":[{"href":"http:\/\/collegevauban-blaye.fr\/index.php?rest_route=%2Fwp%2Fv2%2Fmedia&parent=11827"}],"wp:term":[{"taxonomy":"category","embeddable":true,"href":"http:\/\/collegevauban-blaye.fr\/index.php?rest_route=%2Fwp%2Fv2%2Fcategories&post=11827"},{"taxonomy":"post_tag","embeddable":true,"href":"http:\/\/collegevauban-blaye.fr\/index.php?rest_route=%2Fwp%2Fv2%2Ftags&post=11827"}],"curies":[{"name":"wp","href":"https:\/\/api.w.org\/{rel}","templated":true}]}}