{"id":11879,"date":"2025-09-29T09:17:00","date_gmt":"2025-09-29T07:17:00","guid":{"rendered":"https:\/\/collegevauban-blaye.fr\/?p=11879"},"modified":"2025-09-29T11:02:24","modified_gmt":"2025-09-29T09:02:24","slug":"premiere-invitee-de-la-classe-de-defense","status":"publish","type":"post","link":"http:\/\/collegevauban-blaye.fr\/?p=11879","title":{"rendered":"A la d\u00e9couverte du Secours Populaire"},"content":{"rendered":"\n\n\n<p style=\"text-align: justify;\">Lundi 22 septembre, la classe de d\u00e9fense d\u00e9butait son premier projet au profit du Secours Populaire en accueillant <strong>Mme Moreaux<\/strong>, pr\u00e9sidente de l\u2019antenne de Blaye. Elle est venue expliquer son r\u00f4le au sein de l\u2019association et les diverses actions men\u00e9es.<\/p>\n<p style=\"text-align: justify;\">L\u2019antenne de Blaye compte une trentaine de b\u00e9n\u00e9voles et aide environ 120 familles. L\u2019aide alimentaire repr\u00e9sente une grande partie de leur travail mais l\u2019association propose des activit\u00e9s de loisirs, culturelles et joue un r\u00f4le important de sociabilisation en aidant les b\u00e9n\u00e9ficiaires dans leur quotidien.<\/p>\n<p style=\"text-align: justify;\">Cette rencontre aura permis \u00e0 nos \u00e9l\u00e8ves de mieux comprendre l\u2019utilit\u00e9 de cette association et la notion d\u2019engagement. A eux maintenant d\u2019organiser la promotion de la collecte nationale du 17 et 18 octobre au sein de leur coll\u00e8ge afin de mobiliser un maximum de familles \u00e0 donner pour les plus d\u00e9munis.<\/p>\n\n\n\n<figure class=\"wp-block-image size-large\"><img loading=\"lazy\" decoding=\"async\" width=\"1024\" height=\"769\" src=\"https:\/\/collegevauban-blaye.fr\/wp-content\/uploads\/2025\/09\/1759128763056-1024x769.jpg\" alt=\"\" class=\"wp-image-11883\" srcset=\"http:\/\/collegevauban-blaye.fr\/wp-content\/uploads\/2025\/09\/1759128763056-1024x769.jpg 1024w, http:\/\/collegevauban-blaye.fr\/wp-content\/uploads\/2025\/09\/1759128763056-300x225.jpg 300w, http:\/\/collegevauban-blaye.fr\/wp-content\/uploads\/2025\/09\/1759128763056-768x577.jpg 768w, http:\/\/collegevauban-blaye.fr\/wp-content\/uploads\/2025\/09\/1759128763056-1536x1153.jpg 1536w, http:\/\/collegevauban-blaye.fr\/wp-content\/uploads\/2025\/09\/1759128763056-2048x1538.jpg 2048w\" sizes=\"auto, (max-width: 767px) 89vw, (max-width: 1000px) 54vw, (max-width: 1071px) 543px, 580px\" \/><\/figure>\n\n\n","protected":false},"excerpt":{"rendered":"<p>Lundi 22 septembre, la classe de d\u00e9fense d\u00e9butait son premier projet au profit du Secours Populaire en accueillant Mme Moreaux, pr\u00e9sidente de l\u2019antenne de Blaye. Elle est venue expliquer son r\u00f4le au sein de l\u2019association et les diverses actions men\u00e9es. L\u2019antenne de Blaye compte une trentaine de b\u00e9n\u00e9voles et aide environ 120 familles. L\u2019aide alimentaire &hellip; <\/p>\n<p class=\"link-more\"><a href=\"http:\/\/collegevauban-blaye.fr\/?p=11879\" class=\"more-link\">Continuer la lecture<span class=\"screen-reader-text\"> de &laquo;&nbsp;A la d\u00e9couverte du Secours Populaire&nbsp;&raquo;<\/span><\/a><\/p>\n","protected":false},"author":3,"featured_media":11887,"comment_status":"closed","ping_status":"closed","sticky":false,"template":"","format":"standard","meta":{"footnotes":""},"categories":[54,31],"tags":[],"class_list":["post-11879","post","type-post","status-publish","format-standard","has-post-thumbnail","hentry","category-classe-de-defense","category-parcours-citoyen"],"_links":{"self":[{"href":"http:\/\/collegevauban-blaye.fr\/index.php?rest_route=\/wp\/v2\/posts\/11879","targetHints":{"allow":["GET"]}}],"collection":[{"href":"http:\/\/collegevauban-blaye.fr\/index.php?rest_route=\/wp\/v2\/posts"}],"about":[{"href":"http:\/\/collegevauban-blaye.fr\/index.php?rest_route=\/wp\/v2\/types\/post"}],"author":[{"embeddable":true,"href":"http:\/\/collegevauban-blaye.fr\/index.php?rest_route=\/wp\/v2\/users\/3"}],"replies":[{"embeddable":true,"href":"http:\/\/collegevauban-blaye.fr\/index.php?rest_route=%2Fwp%2Fv2%2Fcomments&post=11879"}],"version-history":[{"count":4,"href":"http:\/\/collegevauban-blaye.fr\/index.php?rest_route=\/wp\/v2\/posts\/11879\/revisions"}],"predecessor-version":[{"id":11892,"href":"http:\/\/collegevauban-blaye.fr\/index.php?rest_route=\/wp\/v2\/posts\/11879\/revisions\/11892"}],"wp:featuredmedia":[{"embeddable":true,"href":"http:\/\/collegevauban-blaye.fr\/index.php?rest_route=\/wp\/v2\/media\/11887"}],"wp:attachment":[{"href":"http:\/\/collegevauban-blaye.fr\/index.php?rest_route=%2Fwp%2Fv2%2Fmedia&parent=11879"}],"wp:term":[{"taxonomy":"category","embeddable":true,"href":"http:\/\/collegevauban-blaye.fr\/index.php?rest_route=%2Fwp%2Fv2%2Fcategories&post=11879"},{"taxonomy":"post_tag","embeddable":true,"href":"http:\/\/collegevauban-blaye.fr\/index.php?rest_route=%2Fwp%2Fv2%2Ftags&post=11879"}],"curies":[{"name":"wp","href":"https:\/\/api.w.org\/{rel}","templated":true}]}}