{"id":2218,"date":"2018-11-06T14:31:21","date_gmt":"2018-11-06T13:31:21","guid":{"rendered":"https:\/\/www.collegevaubanblaye.fr\/?p=2218"},"modified":"2018-11-06T14:31:21","modified_gmt":"2018-11-06T13:31:21","slug":"construction-dune-maquette-de-villa-gallo-romaine-de-plassac","status":"publish","type":"post","link":"http:\/\/collegevauban-blaye.fr\/?p=2218","title":{"rendered":"Construction d&#8217;une maquette de la villa gallo-romaine de Plassac"},"content":{"rendered":"<p class=\"Standard\" style=\"text-align: center;\" align=\"center\"><b><span style=\"font-size: 20.0pt; font-family: 'Bookman Old Style',serif;\">Projet Plassac 2018-2019<\/span><\/b><\/p>\n<p class=\"Standard\" style=\"text-align: center;\" align=\"center\"><b><span style=\"font-size: 14.0pt; font-family: 'Bookman Old Style',serif;\">\u00a0<\/span><\/b><\/p>\n<p class=\"Standard\" style=\"text-align: center;\" align=\"center\"><b><span style=\"font-size: 16.0pt; font-family: 'Bookman Old Style',serif;\">R\u00e9alisation de la maquette de l\u2019\u00c9tat 1 de la villa gallo-romaine<\/span><\/b><\/p>\n<p class=\"Standard\"><span style=\"font-family: 'Bookman Old Style',serif;\">\u00a0<\/span><\/p>\n<p class=\"Standard\"><b><u><span style=\"font-size: 14.0pt; font-family: 'Bookman Old Style',serif;\">S\u00e9ances 1 \u00e0 4<\/span><\/u><\/b><\/p>\n<p class=\"Standard\" style=\"text-align: justify; text-justify: inter-ideograph;\"><span style=\"font-size: 14.0pt; font-family: 'Bookman Old Style',serif;\">\u00a0<\/span><\/p>\n<p class=\"Standard\" style=\"text-align: justify; text-justify: inter-ideograph;\"><span style=\"font-size: 12.0pt; font-family: 'Bookman Old Style',serif;\">Cette ann\u00e9e, les latinistes de 3<sup>e<\/sup> se lancent dans la r\u00e9alisation de la maquette apr\u00e8s avoir pass\u00e9 du temps en 2017-2018 sur les calculs n\u00e9cessaires \u00e0 sa conception. Ils sont encadr\u00e9s par M. Bouiges, arch\u00e9ologue-maquettiste, M. Dietrich, professeur d\u2019arts plastiques, et Mme Rollet, professeur de latin.<\/span><\/p>\n<p class=\"Standard\" style=\"text-align: justify; text-justify: inter-ideograph;\"><span style=\"font-size: 12.0pt; font-family: 'Bookman Old Style',serif;\">\u00a0<\/span><\/p>\n<p class=\"Standard\" style=\"text-align: justify; text-justify: inter-ideograph;\"><span style=\"font-size: 12.0pt; font-family: 'Bookman Old Style',serif;\">Nous avons commenc\u00e9 en salle audio-visuelle par un rappel des enjeux de l\u2019ann\u00e9e et une pr\u00e9sentation du mat\u00e9riel. Ensuite, les s\u00e9ances se sont d\u00e9roul\u00e9es dans l\u2019atelier d\u2019horticulture du coll\u00e8ge qui est un peu plus adapt\u00e9 pour les travaux que nous avons \u00e0 faire. Il faut dire que pour manipuler gouge, cutter, perceuse ou scie des locaux sp\u00e9cifiques s\u2019imposent.<\/span><\/p>\n<p class=\"Standard\" style=\"text-align: justify; text-justify: inter-ideograph;\"><span style=\"font-size: 12.0pt; font-family: 'Bookman Old Style',serif;\">\u00a0<\/span><\/p>\n<p class=\"Standard\" style=\"text-align: justify; text-justify: inter-ideograph;\"><span style=\"font-size: 12.0pt; font-family: 'Bookman Old Style',serif;\">Tout le monde met la main \u00e0 la p\u00e2te pour ces cours de latin d\u2019un nouveau genre et il y a beaucoup \u00e0 faire si nous voulons \u00eatre dans les temps. En effet, la maquette doit \u00eatre finie fin mai pour \u00eatre pr\u00e9sent\u00e9e le 14 juin lors d\u2019une exposition \u00e0 Plassac.<\/span><\/p>\n<p>&nbsp;<\/p>\n<p>&nbsp;<\/p>\n<p style=\"text-align: center;\">\t\t\t<rs-module-wrap id=\"rev_slider_error_1_wrapper\">\n\t\t\t\t<rs-module id=\"rev_slider_error_1\">\n\t\t\t\t\t<div class=\"rs_error_message_box\">\n\t\t\t\t\t\t<div class=\"rs_error_message_oops\">Oops...<\/div>\n\t\t\t\t\t\t<div class=\"rs_error_message_content\">Slider with alias maquette-plassac not found.<\/div>\n\t\t\t\t\t<\/div>\n\t\t\t\t<\/rs-module>\n\t\t\t<\/rs-module-wrap>\n\t\t\t<script type=\"text\/javascript\">\n\t\t\t\tvar rs_eslider = document.getElementById(\"rev_slider_error_1\");\n\t\t\t\trs_eslider.style.display = \"none\";\n\t\t\t\tconsole.log(\"Slider with alias maquette-plassac not found.\");\n\t\t\t<\/script>\n<\/p>\n<p>&nbsp;\t\t<\/p>\n","protected":false},"excerpt":{"rendered":"<p>Projet Plassac 2018-2019 \u00a0 R\u00e9alisation de la maquette de l\u2019\u00c9tat 1 de la villa gallo-romaine \u00a0 S\u00e9ances 1 \u00e0 4 \u00a0 Cette ann\u00e9e, les latinistes de 3e se lancent dans la r\u00e9alisation de la maquette apr\u00e8s avoir pass\u00e9 du temps en 2017-2018 sur les calculs n\u00e9cessaires \u00e0 sa conception. Ils sont encadr\u00e9s par M. Bouiges, &hellip; <\/p>\n<p class=\"link-more\"><a href=\"http:\/\/collegevauban-blaye.fr\/?p=2218\" class=\"more-link\">Continuer la lecture<span class=\"screen-reader-text\"> de &laquo;&nbsp;Construction d&#8217;une maquette de la villa gallo-romaine de Plassac&nbsp;&raquo;<\/span><\/a><\/p>\n","protected":false},"author":3,"featured_media":2225,"comment_status":"open","ping_status":"open","sticky":false,"template":"","format":"standard","meta":{"footnotes":""},"categories":[3,11],"tags":[],"class_list":["post-2218","post","type-post","status-publish","format-standard","has-post-thumbnail","hentry","category-arts","category-lettres"],"_links":{"self":[{"href":"http:\/\/collegevauban-blaye.fr\/index.php?rest_route=\/wp\/v2\/posts\/2218","targetHints":{"allow":["GET"]}}],"collection":[{"href":"http:\/\/collegevauban-blaye.fr\/index.php?rest_route=\/wp\/v2\/posts"}],"about":[{"href":"http:\/\/collegevauban-blaye.fr\/index.php?rest_route=\/wp\/v2\/types\/post"}],"author":[{"embeddable":true,"href":"http:\/\/collegevauban-blaye.fr\/index.php?rest_route=\/wp\/v2\/users\/3"}],"replies":[{"embeddable":true,"href":"http:\/\/collegevauban-blaye.fr\/index.php?rest_route=%2Fwp%2Fv2%2Fcomments&post=2218"}],"version-history":[{"count":0,"href":"http:\/\/collegevauban-blaye.fr\/index.php?rest_route=\/wp\/v2\/posts\/2218\/revisions"}],"wp:featuredmedia":[{"embeddable":true,"href":"http:\/\/collegevauban-blaye.fr\/index.php?rest_route=\/"}],"wp:attachment":[{"href":"http:\/\/collegevauban-blaye.fr\/index.php?rest_route=%2Fwp%2Fv2%2Fmedia&parent=2218"}],"wp:term":[{"taxonomy":"category","embeddable":true,"href":"http:\/\/collegevauban-blaye.fr\/index.php?rest_route=%2Fwp%2Fv2%2Fcategories&post=2218"},{"taxonomy":"post_tag","embeddable":true,"href":"http:\/\/collegevauban-blaye.fr\/index.php?rest_route=%2Fwp%2Fv2%2Ftags&post=2218"}],"curies":[{"name":"wp","href":"https:\/\/api.w.org\/{rel}","templated":true}]}}