{"id":2334,"date":"2018-11-19T09:25:18","date_gmt":"2018-11-19T08:25:18","guid":{"rendered":"https:\/\/www.collegevaubanblaye.fr\/?p=2334"},"modified":"2018-11-19T09:25:18","modified_gmt":"2018-11-19T08:25:18","slug":"memoire-grande-guerre","status":"publish","type":"post","link":"http:\/\/collegevauban-blaye.fr\/?p=2334","title":{"rendered":"Exposition au CDI : la Grande Guerre"},"content":{"rendered":"<p>\t\t\t\t<strong><u>14-18, cent ans apr\u00e8s&#8230;<\/u><\/strong><\/p>\n<p>&nbsp;<\/p>\n<p>&nbsp;<\/p>\n<p>A partir du lundi 12 novembre au CDI, Lawrence Valles, assistant d\u2019\u00e9ducation et Emma Asselin, Professeur-Documentaliste, vous proposent une exposition en m\u00e9moire de la Premi\u00e8re Guerre Mondiale.<\/p>\n<p>Lawrence, animateur de l&#8217;atelier photo du coll\u00e8ge, a choisi et coloris\u00e9 des photos d\u2019\u00e9poque qui nous font revivre le quotidien de la Grande Guerre.<\/p>\n<p>Les reproductions d\u2019\u0153uvres picturales expos\u00e9es en parall\u00e8le, nous rappellent que des artistes se sont engag\u00e9s pour d\u00e9noncer la violence de cette guerre.<\/p>\n<p>Une s\u00e9lection de nombreux ouvrages du CDI, fictions ou documentaires, est \u00e0 consulter ou \u00e0 emprunter sans mod\u00e9ration pour mieux comprendre ce conflit. Un p\u00f4le vid\u00e9o est install\u00e9 pour visionner en continu des vid\u00e9os d&#8217;archives. En somme, un modeste m\u00e9morial pour c\u00e9l\u00e9brer le centenaire de cette guerre particuli\u00e8rement meurtri\u00e8re et assurer le devoir de m\u00e9moire aupr\u00e8s de nos \u00e9l\u00e8ves.<\/p>\n<p>Bravo aux \u00e9l\u00e8ves de 3\u00e8me A et 3\u00e8me B qui ont imagin\u00e9 et r\u00e9dig\u00e9 des lettres adress\u00e9es par des poilus aux \u00eatres qui leur \u00e9taient chers : Beaucoup d&#8217;\u00e9motion !<\/p>\n<p>&nbsp;<\/p>\n\t\t\t<rs-module-wrap id=\"rev_slider_error_1_wrapper\">\n\t\t\t\t<rs-module id=\"rev_slider_error_1\">\n\t\t\t\t\t<div class=\"rs_error_message_box\">\n\t\t\t\t\t\t<div class=\"rs_error_message_oops\">Oops...<\/div>\n\t\t\t\t\t\t<div class=\"rs_error_message_content\">Slider with alias grande-guerre not found.<\/div>\n\t\t\t\t\t<\/div>\n\t\t\t\t<\/rs-module>\n\t\t\t<\/rs-module-wrap>\n\t\t\t<script type=\"text\/javascript\">\n\t\t\t\tvar rs_eslider = document.getElementById(\"rev_slider_error_1\");\n\t\t\t\trs_eslider.style.display = \"none\";\n\t\t\t\tconsole.log(\"Slider with alias grande-guerre not found.\");\n\t\t\t<\/script>\n\n","protected":false},"excerpt":{"rendered":"<p>14-18, cent ans apr\u00e8s&#8230; &nbsp; &nbsp; A partir du lundi 12 novembre au CDI, Lawrence Valles, assistant d\u2019\u00e9ducation et Emma Asselin, Professeur-Documentaliste, vous proposent une exposition en m\u00e9moire de la Premi\u00e8re Guerre Mondiale. Lawrence, animateur de l&#8217;atelier photo du coll\u00e8ge, a choisi et coloris\u00e9 des photos d\u2019\u00e9poque qui nous font revivre le quotidien de la &hellip; <\/p>\n<p class=\"link-more\"><a href=\"http:\/\/collegevauban-blaye.fr\/?p=2334\" class=\"more-link\">Continuer la lecture<span class=\"screen-reader-text\"> de &laquo;&nbsp;Exposition au CDI : la Grande Guerre&nbsp;&raquo;<\/span><\/a><\/p>\n","protected":false},"author":3,"featured_media":2333,"comment_status":"open","ping_status":"open","sticky":false,"template":"","format":"standard","meta":{"footnotes":""},"categories":[3,7,1],"tags":[],"class_list":["post-2334","post","type-post","status-publish","format-standard","has-post-thumbnail","hentry","category-arts","category-histoire","category-non-classe"],"_links":{"self":[{"href":"http:\/\/collegevauban-blaye.fr\/index.php?rest_route=\/wp\/v2\/posts\/2334","targetHints":{"allow":["GET"]}}],"collection":[{"href":"http:\/\/collegevauban-blaye.fr\/index.php?rest_route=\/wp\/v2\/posts"}],"about":[{"href":"http:\/\/collegevauban-blaye.fr\/index.php?rest_route=\/wp\/v2\/types\/post"}],"author":[{"embeddable":true,"href":"http:\/\/collegevauban-blaye.fr\/index.php?rest_route=\/wp\/v2\/users\/3"}],"replies":[{"embeddable":true,"href":"http:\/\/collegevauban-blaye.fr\/index.php?rest_route=%2Fwp%2Fv2%2Fcomments&post=2334"}],"version-history":[{"count":0,"href":"http:\/\/collegevauban-blaye.fr\/index.php?rest_route=\/wp\/v2\/posts\/2334\/revisions"}],"wp:featuredmedia":[{"embeddable":true,"href":"http:\/\/collegevauban-blaye.fr\/index.php?rest_route=\/"}],"wp:attachment":[{"href":"http:\/\/collegevauban-blaye.fr\/index.php?rest_route=%2Fwp%2Fv2%2Fmedia&parent=2334"}],"wp:term":[{"taxonomy":"category","embeddable":true,"href":"http:\/\/collegevauban-blaye.fr\/index.php?rest_route=%2Fwp%2Fv2%2Fcategories&post=2334"},{"taxonomy":"post_tag","embeddable":true,"href":"http:\/\/collegevauban-blaye.fr\/index.php?rest_route=%2Fwp%2Fv2%2Ftags&post=2334"}],"curies":[{"name":"wp","href":"https:\/\/api.w.org\/{rel}","templated":true}]}}