{"id":5112,"date":"2020-10-14T18:52:54","date_gmt":"2020-10-14T16:52:54","guid":{"rendered":"http:\/\/collegevauban-blaye.fr\/?p=5112"},"modified":"2020-10-14T18:55:08","modified_gmt":"2020-10-14T16:55:08","slug":"lecturolympix-un-defi-a-relever","status":"publish","type":"post","link":"http:\/\/collegevauban-blaye.fr\/?p=5112","title":{"rendered":"Lecturolympix : Un d\u00e9fi \u00e0 relever"},"content":{"rendered":"\n<p><span style=\"font-size: large;\">C\u2019est parti, cette semaine est lanc\u00e9 aupr\u00e8s de 4 classes de 6<sup>e<\/sup> le d\u00e9fi lecture du cycle 3. Baptis\u00e9 <span style=\"color: #ce181e;\"><b>Lecturolympix<\/b><\/span>, ce projet commun aux \u00e9coles de St Gen\u00e8s de Blaye, Berson et Blaye (Rosa Bonheur) permet de maintenir la liaison entre les classes de CM1-CM2 et celles de 6<sup>e.<\/sup> et de faciliter l\u2019int\u00e9gration au coll\u00e8ge S\u00e9bastien Vauban.<\/span><\/p>\n\n\n\n<ul class=\"wp-block-gallery aligncenter columns-0 wp-block-gallery-1 is-layout-flex wp-block-gallery-is-layout-flex\"><li class=\"blocks-gallery-item\"><figure><img loading=\"lazy\" decoding=\"async\" width=\"400\" height=\"528\" src=\"http:\/\/collegevauban-blaye.fr\/wp-content\/uploads\/2020\/10\/4.jpg\" alt=\"\" data-id=\"5117\" data-link=\"http:\/\/collegevauban-blaye.fr\/?attachment_id=5117\" class=\"wp-image-5117\" srcset=\"http:\/\/collegevauban-blaye.fr\/wp-content\/uploads\/2020\/10\/4.jpg 400w, http:\/\/collegevauban-blaye.fr\/wp-content\/uploads\/2020\/10\/4-227x300.jpg 227w\" sizes=\"auto, (max-width: 400px) 100vw, 400px\" \/><\/figure><\/li><li class=\"blocks-gallery-item\"><figure><img loading=\"lazy\" decoding=\"async\" width=\"400\" height=\"559\" src=\"http:\/\/collegevauban-blaye.fr\/wp-content\/uploads\/2020\/10\/2-2.jpg\" alt=\"\" data-id=\"5116\" data-link=\"http:\/\/collegevauban-blaye.fr\/?attachment_id=5116\" class=\"wp-image-5116\" srcset=\"http:\/\/collegevauban-blaye.fr\/wp-content\/uploads\/2020\/10\/2-2.jpg 400w, http:\/\/collegevauban-blaye.fr\/wp-content\/uploads\/2020\/10\/2-2-215x300.jpg 215w\" sizes=\"auto, (max-width: 400px) 100vw, 400px\" \/><\/figure><\/li><li class=\"blocks-gallery-item\"><figure><img loading=\"lazy\" decoding=\"async\" width=\"400\" height=\"570\" src=\"http:\/\/collegevauban-blaye.fr\/wp-content\/uploads\/2020\/10\/5.jpg\" alt=\"\" data-id=\"5115\" data-link=\"http:\/\/collegevauban-blaye.fr\/?attachment_id=5115\" class=\"wp-image-5115\" srcset=\"http:\/\/collegevauban-blaye.fr\/wp-content\/uploads\/2020\/10\/5.jpg 400w, http:\/\/collegevauban-blaye.fr\/wp-content\/uploads\/2020\/10\/5-211x300.jpg 211w\" sizes=\"auto, (max-width: 400px) 100vw, 400px\" \/><\/figure><\/li><li class=\"blocks-gallery-item\"><figure><img loading=\"lazy\" decoding=\"async\" width=\"400\" height=\"566\" src=\"http:\/\/collegevauban-blaye.fr\/wp-content\/uploads\/2020\/10\/3.jpg\" alt=\"\" data-id=\"5114\" data-link=\"http:\/\/collegevauban-blaye.fr\/?attachment_id=5114\" class=\"wp-image-5114\" srcset=\"http:\/\/collegevauban-blaye.fr\/wp-content\/uploads\/2020\/10\/3.jpg 400w, http:\/\/collegevauban-blaye.fr\/wp-content\/uploads\/2020\/10\/3-212x300.jpg 212w\" sizes=\"auto, (max-width: 400px) 100vw, 400px\" \/><\/figure><\/li><li class=\"blocks-gallery-item\"><figure><img loading=\"lazy\" decoding=\"async\" width=\"400\" height=\"600\" src=\"http:\/\/collegevauban-blaye.fr\/wp-content\/uploads\/2020\/10\/1-1.jpg\" alt=\"\" data-id=\"5113\" data-link=\"http:\/\/collegevauban-blaye.fr\/?attachment_id=5113\" class=\"wp-image-5113\" srcset=\"http:\/\/collegevauban-blaye.fr\/wp-content\/uploads\/2020\/10\/1-1.jpg 400w, http:\/\/collegevauban-blaye.fr\/wp-content\/uploads\/2020\/10\/1-1-200x300.jpg 200w\" sizes=\"auto, (max-width: 400px) 100vw, 400px\" \/><\/figure><\/li><\/ul>\n\n\n\n<p><span style=\"font-size: large;\">Une s\u00e9lection de 5 titres cette ann\u00e9e qui est pr\u00e9sent\u00e9e cette semaine aux classes de 6\u00e8me pour leur permettre de d\u00e9buter les lectures d\u00e8s les prochaines vacances. Les livres sont empruntables au CDI tout au long du projet. A l\u2019issue de ces lectures chaque classe devra concevoir des jeux sur les ouvrages, construisant ainsi un parcours d\u2019olympiades du livre, que chaque \u00e9quipe devra suivre lors de la rencontre finale en mai 2021.\u00a0<\/span><\/p>\n<p align=\"left\"><span style=\"font-size: large;\">C&#8217;est parti les lecturathl\u00e8tes !<\/span><\/p>\n<p align=\"left\">\u00a0<\/p>\n\n\n\n<figure class=\"wp-block-image\"><img loading=\"lazy\" decoding=\"async\" width=\"724\" height=\"1024\" src=\"http:\/\/collegevauban-blaye.fr\/wp-content\/uploads\/2020\/10\/Rallye-2021-724x1024.jpg\" alt=\"\" class=\"wp-image-5118\" srcset=\"http:\/\/collegevauban-blaye.fr\/wp-content\/uploads\/2020\/10\/Rallye-2021-724x1024.jpg 724w, http:\/\/collegevauban-blaye.fr\/wp-content\/uploads\/2020\/10\/Rallye-2021-212x300.jpg 212w, http:\/\/collegevauban-blaye.fr\/wp-content\/uploads\/2020\/10\/Rallye-2021-768x1086.jpg 768w, http:\/\/collegevauban-blaye.fr\/wp-content\/uploads\/2020\/10\/Rallye-2021.jpg 1587w\" sizes=\"auto, (max-width: 724px) 100vw, 724px\" \/><\/figure>\n","protected":false},"excerpt":{"rendered":"<p>C\u2019est parti, cette semaine est lanc\u00e9 aupr\u00e8s de 4 classes de 6e le d\u00e9fi lecture du cycle 3. Baptis\u00e9 Lecturolympix, ce projet commun aux \u00e9coles de St Gen\u00e8s de Blaye, Berson et Blaye (Rosa Bonheur) permet de maintenir la liaison entre les classes de CM1-CM2 et celles de 6e. et de faciliter l\u2019int\u00e9gration au coll\u00e8ge &hellip; <\/p>\n<p class=\"link-more\"><a href=\"http:\/\/collegevauban-blaye.fr\/?p=5112\" class=\"more-link\">Continuer la lecture<span class=\"screen-reader-text\"> de &laquo;&nbsp;Lecturolympix : Un d\u00e9fi \u00e0 relever&nbsp;&raquo;<\/span><\/a><\/p>\n","protected":false},"author":3,"featured_media":5121,"comment_status":"open","ping_status":"open","sticky":false,"template":"","format":"standard","meta":{"footnotes":""},"categories":[11],"tags":[],"class_list":["post-5112","post","type-post","status-publish","format-standard","has-post-thumbnail","hentry","category-lettres"],"_links":{"self":[{"href":"http:\/\/collegevauban-blaye.fr\/index.php?rest_route=\/wp\/v2\/posts\/5112","targetHints":{"allow":["GET"]}}],"collection":[{"href":"http:\/\/collegevauban-blaye.fr\/index.php?rest_route=\/wp\/v2\/posts"}],"about":[{"href":"http:\/\/collegevauban-blaye.fr\/index.php?rest_route=\/wp\/v2\/types\/post"}],"author":[{"embeddable":true,"href":"http:\/\/collegevauban-blaye.fr\/index.php?rest_route=\/wp\/v2\/users\/3"}],"replies":[{"embeddable":true,"href":"http:\/\/collegevauban-blaye.fr\/index.php?rest_route=%2Fwp%2Fv2%2Fcomments&post=5112"}],"version-history":[{"count":3,"href":"http:\/\/collegevauban-blaye.fr\/index.php?rest_route=\/wp\/v2\/posts\/5112\/revisions"}],"predecessor-version":[{"id":5122,"href":"http:\/\/collegevauban-blaye.fr\/index.php?rest_route=\/wp\/v2\/posts\/5112\/revisions\/5122"}],"wp:featuredmedia":[{"embeddable":true,"href":"http:\/\/collegevauban-blaye.fr\/index.php?rest_route=\/wp\/v2\/media\/5121"}],"wp:attachment":[{"href":"http:\/\/collegevauban-blaye.fr\/index.php?rest_route=%2Fwp%2Fv2%2Fmedia&parent=5112"}],"wp:term":[{"taxonomy":"category","embeddable":true,"href":"http:\/\/collegevauban-blaye.fr\/index.php?rest_route=%2Fwp%2Fv2%2Fcategories&post=5112"},{"taxonomy":"post_tag","embeddable":true,"href":"http:\/\/collegevauban-blaye.fr\/index.php?rest_route=%2Fwp%2Fv2%2Ftags&post=5112"}],"curies":[{"name":"wp","href":"https:\/\/api.w.org\/{rel}","templated":true}]}}