{"id":5481,"date":"2021-03-18T13:54:59","date_gmt":"2021-03-18T12:54:59","guid":{"rendered":"http:\/\/collegevauban-blaye.fr\/?p=5481"},"modified":"2021-03-18T15:52:52","modified_gmt":"2021-03-18T14:52:52","slug":"un-nouveau-projet-pour-un-college-tout-neuf","status":"publish","type":"post","link":"http:\/\/collegevauban-blaye.fr\/?p=5481","title":{"rendered":"Un nouveau projet pour un coll\u00e8ge tout neuf !"},"content":{"rendered":"<p>[vc_row][vc_column][vc_column_text]<\/p>\n<p style=\"text-align: left\">&nbsp; &nbsp; &nbsp;Un projet a \u00e9t\u00e9 organis\u00e9 au sein du coll\u00e8ge , il consiste \u00e0 r\u00e9nover la cour du coll\u00e8ge pour am\u00e9liorer la vie dans celui-ci .<br \/>\nPour cela, l&#8217;association e-graine (Gabrielle, Viviane, Lauriane et Aude) , pour des r\u00e9unions (8 s\u00e9ances de 4 heures) avec les \u00e9co-d\u00e9l\u00e9gu\u00e9s et les membres du CVC (Conseil de la Vie Coll\u00e9gienne).<br \/>\n&nbsp; &nbsp; &nbsp;Pendant les r\u00e9unions les \u00e9l\u00e8ves apprennent les diff\u00e9rentes \u00e9tapes :<br \/>\n-la vie des jeans (le cycle de fabrication d&#8217;un jean jusqu&#8217;\u00e0 son recyclage)<br \/>\n-mains habilles (dessin de notre main remplie de nos qualit\u00e9s)<br \/>\n-m\u00e9t\u00e9o de l&#8217;humeur (avec des cartes imag\u00e9es ou une cible)<br \/>\n-mal \u00eatre et bien \u00eatre au coll\u00e8ge (post-its d\u00e9crivant notre bien \u00eatre et notre mal \u00eatre pos\u00e9s sur un plan du coll\u00e8ge)<br \/>\n&nbsp; &nbsp; &nbsp;Une consultation va \u00eatre mise en place le 23 mars pour que les \u00e9l\u00e8ves et le personnel voulant participer le puissent .<br \/>\nLes outils de consultations :<br \/>\n-des bo\u00eetes \u00e0 id\u00e9es<br \/>\n-des jeux<br \/>\n-des affiches<br \/>\n-pronote<br \/>\n-et notre site internet<\/p>\n<p>Donnez -nous vos id\u00e9es !&nbsp; &nbsp; &nbsp; &nbsp; &nbsp; &nbsp; &nbsp; &nbsp; &nbsp; &nbsp; &nbsp; &nbsp; &nbsp; &nbsp; &nbsp; &nbsp; &nbsp; &nbsp; &nbsp; &nbsp; &nbsp; &nbsp; &nbsp; &nbsp; &nbsp; &nbsp; &nbsp; &nbsp; &nbsp; &nbsp; &nbsp; &nbsp; &nbsp; &nbsp; &nbsp; &nbsp; &nbsp; &nbsp; &nbsp; &nbsp; &nbsp; &nbsp; &nbsp; &nbsp; &nbsp; &nbsp; &nbsp; &nbsp; &nbsp; &nbsp; &nbsp; &nbsp; &nbsp; &nbsp; &nbsp; &nbsp; &nbsp; &nbsp; &nbsp; &nbsp; &nbsp; &nbsp; &nbsp; &nbsp; &nbsp; &nbsp; &nbsp; &nbsp; &nbsp; &nbsp; &nbsp;Instagram: plus_belles_les_cours<\/p>\n<p>&nbsp;<\/p>\n<p>Article \u00e9crit par les \u00e9l\u00e8ves du groupe site internet: Capucine H\u00e9riaud, Rose Rudelle, Zo\u00e9 Laureau et Antoine Muzy.<\/p>\n<p>&nbsp;<\/p>\n<p>&nbsp; &nbsp; &nbsp; &nbsp; &nbsp; &nbsp; &nbsp; &nbsp; <img loading=\"lazy\" decoding=\"async\" class=\"alignnone size-medium wp-image-5491\" src=\"http:\/\/collegevauban-blaye.fr\/wp-content\/uploads\/2021\/03\/Reunion-du-4-mars-225x300.jpg\" alt=\"\" width=\"225\" height=\"300\" srcset=\"http:\/\/collegevauban-blaye.fr\/wp-content\/uploads\/2021\/03\/Reunion-du-4-mars-225x300.jpg 225w, http:\/\/collegevauban-blaye.fr\/wp-content\/uploads\/2021\/03\/Reunion-du-4-mars-768x1024.jpg 768w, http:\/\/collegevauban-blaye.fr\/wp-content\/uploads\/2021\/03\/Reunion-du-4-mars-1152x1536.jpg 1152w, http:\/\/collegevauban-blaye.fr\/wp-content\/uploads\/2021\/03\/Reunion-du-4-mars-scaled.jpg 1920w\" sizes=\"auto, (max-width: 225px) 100vw, 225px\" \/>&nbsp; &nbsp; &nbsp; &nbsp; &nbsp; &nbsp; &nbsp; &nbsp; <img loading=\"lazy\" decoding=\"async\" class=\"alignnone size-medium wp-image-5490\" src=\"http:\/\/collegevauban-blaye.fr\/wp-content\/uploads\/2021\/03\/Photo-de-groupe-300x225.jpg\" alt=\"\" width=\"300\" height=\"225\" srcset=\"http:\/\/collegevauban-blaye.fr\/wp-content\/uploads\/2021\/03\/Photo-de-groupe-300x225.jpg 300w, http:\/\/collegevauban-blaye.fr\/wp-content\/uploads\/2021\/03\/Photo-de-groupe-1024x768.jpg 1024w, http:\/\/collegevauban-blaye.fr\/wp-content\/uploads\/2021\/03\/Photo-de-groupe-768x576.jpg 768w, http:\/\/collegevauban-blaye.fr\/wp-content\/uploads\/2021\/03\/Photo-de-groupe-1536x1152.jpg 1536w, http:\/\/collegevauban-blaye.fr\/wp-content\/uploads\/2021\/03\/Photo-de-groupe-2048x1536.jpg 2048w\" sizes=\"auto, (max-width: 300px) 100vw, 300px\" \/>&nbsp; &nbsp; &nbsp; &nbsp; &nbsp; &nbsp;<img loading=\"lazy\" decoding=\"async\" class=\"alignnone size-medium wp-image-5488\" src=\"http:\/\/collegevauban-blaye.fr\/wp-content\/uploads\/2021\/03\/Meteo-de-lhumeur-225x300.jpg\" alt=\"\" width=\"225\" height=\"300\" srcset=\"http:\/\/collegevauban-blaye.fr\/wp-content\/uploads\/2021\/03\/Meteo-de-lhumeur-225x300.jpg 225w, http:\/\/collegevauban-blaye.fr\/wp-content\/uploads\/2021\/03\/Meteo-de-lhumeur-768x1024.jpg 768w, http:\/\/collegevauban-blaye.fr\/wp-content\/uploads\/2021\/03\/Meteo-de-lhumeur-1152x1536.jpg 1152w, http:\/\/collegevauban-blaye.fr\/wp-content\/uploads\/2021\/03\/Meteo-de-lhumeur-1536x2048.jpg 1536w, http:\/\/collegevauban-blaye.fr\/wp-content\/uploads\/2021\/03\/Meteo-de-lhumeur-scaled.jpg 1920w\" sizes=\"auto, (max-width: 225px) 100vw, 225px\" \/> &nbsp; &nbsp; &nbsp; &nbsp; &nbsp;&nbsp;<\/p>\n<p>[\/vc_column_text][\/vc_column][\/vc_row]<\/p>\n","protected":false},"excerpt":{"rendered":"<p>[vc_row][vc_column][vc_column_text] &nbsp; &nbsp; &nbsp;Un projet a \u00e9t\u00e9 organis\u00e9 au sein du coll\u00e8ge , il consiste \u00e0 r\u00e9nover la cour du coll\u00e8ge pour am\u00e9liorer la vie dans celui-ci . Pour cela, l&#8217;association e-graine (Gabrielle, Viviane, Lauriane et Aude) , pour des r\u00e9unions (8 s\u00e9ances de 4 heures) avec les \u00e9co-d\u00e9l\u00e9gu\u00e9s et les membres du CVC (Conseil &hellip; <\/p>\n<p class=\"link-more\"><a href=\"http:\/\/collegevauban-blaye.fr\/?p=5481\" class=\"more-link\">Continuer la lecture<span class=\"screen-reader-text\"> de &laquo;&nbsp;Un nouveau projet pour un coll\u00e8ge tout neuf !&nbsp;&raquo;<\/span><\/a><\/p>\n","protected":false},"author":5,"featured_media":5489,"comment_status":"open","ping_status":"open","sticky":false,"template":"","format":"standard","meta":{"footnotes":""},"categories":[32],"tags":[],"class_list":["post-5481","post","type-post","status-publish","format-standard","has-post-thumbnail","hentry","category-plus-belles-les-cours"],"_links":{"self":[{"href":"http:\/\/collegevauban-blaye.fr\/index.php?rest_route=\/wp\/v2\/posts\/5481","targetHints":{"allow":["GET"]}}],"collection":[{"href":"http:\/\/collegevauban-blaye.fr\/index.php?rest_route=\/wp\/v2\/posts"}],"about":[{"href":"http:\/\/collegevauban-blaye.fr\/index.php?rest_route=\/wp\/v2\/types\/post"}],"author":[{"embeddable":true,"href":"http:\/\/collegevauban-blaye.fr\/index.php?rest_route=\/wp\/v2\/users\/5"}],"replies":[{"embeddable":true,"href":"http:\/\/collegevauban-blaye.fr\/index.php?rest_route=%2Fwp%2Fv2%2Fcomments&post=5481"}],"version-history":[{"count":7,"href":"http:\/\/collegevauban-blaye.fr\/index.php?rest_route=\/wp\/v2\/posts\/5481\/revisions"}],"predecessor-version":[{"id":5498,"href":"http:\/\/collegevauban-blaye.fr\/index.php?rest_route=\/wp\/v2\/posts\/5481\/revisions\/5498"}],"wp:featuredmedia":[{"embeddable":true,"href":"http:\/\/collegevauban-blaye.fr\/index.php?rest_route=\/wp\/v2\/media\/5489"}],"wp:attachment":[{"href":"http:\/\/collegevauban-blaye.fr\/index.php?rest_route=%2Fwp%2Fv2%2Fmedia&parent=5481"}],"wp:term":[{"taxonomy":"category","embeddable":true,"href":"http:\/\/collegevauban-blaye.fr\/index.php?rest_route=%2Fwp%2Fv2%2Fcategories&post=5481"},{"taxonomy":"post_tag","embeddable":true,"href":"http:\/\/collegevauban-blaye.fr\/index.php?rest_route=%2Fwp%2Fv2%2Ftags&post=5481"}],"curies":[{"name":"wp","href":"https:\/\/api.w.org\/{rel}","templated":true}]}}