{"id":5564,"date":"2021-04-01T11:07:31","date_gmt":"2021-04-01T09:07:31","guid":{"rendered":"http:\/\/collegevauban-blaye.fr\/?p=5564"},"modified":"2021-04-02T09:01:29","modified_gmt":"2021-04-02T07:01:29","slug":"du-miel-et-des-abeilles","status":"publish","type":"post","link":"http:\/\/collegevauban-blaye.fr\/?p=5564","title":{"rendered":"Du miel et des abeilles"},"content":{"rendered":"<h5><span style=\"color: #000000; background-color: #ffffff;\">Ce lundi 29 mars, le coll\u00e8ge a eu la visite d&#8217;un essaim d&#8217;abeilles au jardin potager. Quoi de mieux pour le rucher p\u00e9dagogique mis en place depuis septembre. <\/span><\/h5>\n<h5><span style=\"color: #000000; background-color: #ffffff;\">Gr\u00e2ce \u00e0 l&#8217;intervention de nos courageux apiculteurs, M. Charensac, professeur de SVT et M. Rana agent de maintenance au coll\u00e8ge, les abeilles ont rejoint leur reine.<\/span><\/h5>\n<h5><span style=\"background-color: #ffffff; color: #000000;\">Les \u00e9l\u00e8ves vont enfin d\u00e9couvrir la vie tr\u00e9pidante des abeilles et le beau m\u00e9tier d&#8217;apiculteur. Quelques images pour vous faire saliver et la vid\u00e9o des apiculteurs en action !<\/span><\/h5>\n<p><iframe loading=\"lazy\" title=\"Le miel et les abeilles\" width=\"525\" height=\"295\" src=\"https:\/\/www.youtube.com\/embed\/X8UOR6c06kk?feature=oembed\" frameborder=\"0\" allow=\"accelerometer; autoplay; clipboard-write; encrypted-media; gyroscope; picture-in-picture; web-share\" referrerpolicy=\"strict-origin-when-cross-origin\" allowfullscreen><\/iframe><\/p>\n<p><img loading=\"lazy\" decoding=\"async\" class=\"aligncenter wp-image-5569 size-large\" src=\"http:\/\/collegevauban-blaye.fr\/wp-content\/uploads\/2021\/04\/IMG_0649-768x1024.jpg\" alt=\"\" width=\"768\" height=\"1024\" srcset=\"http:\/\/collegevauban-blaye.fr\/wp-content\/uploads\/2021\/04\/IMG_0649-768x1024.jpg 768w, http:\/\/collegevauban-blaye.fr\/wp-content\/uploads\/2021\/04\/IMG_0649-225x300.jpg 225w, http:\/\/collegevauban-blaye.fr\/wp-content\/uploads\/2021\/04\/IMG_0649-1152x1536.jpg 1152w, http:\/\/collegevauban-blaye.fr\/wp-content\/uploads\/2021\/04\/IMG_0649-1536x2048.jpg 1536w, http:\/\/collegevauban-blaye.fr\/wp-content\/uploads\/2021\/04\/IMG_0649-scaled.jpg 1920w\" sizes=\"auto, (max-width: 767px) 89vw, (max-width: 1000px) 54vw, (max-width: 1071px) 543px, 580px\" \/><\/p>\n<p><img loading=\"lazy\" decoding=\"async\" class=\"aligncenter wp-image-5574 size-large\" src=\"http:\/\/collegevauban-blaye.fr\/wp-content\/uploads\/2021\/04\/IMG_0656-768x1024.jpg\" alt=\"\" width=\"768\" height=\"1024\" srcset=\"http:\/\/collegevauban-blaye.fr\/wp-content\/uploads\/2021\/04\/IMG_0656-768x1024.jpg 768w, http:\/\/collegevauban-blaye.fr\/wp-content\/uploads\/2021\/04\/IMG_0656-225x300.jpg 225w, http:\/\/collegevauban-blaye.fr\/wp-content\/uploads\/2021\/04\/IMG_0656-1152x1536.jpg 1152w, http:\/\/collegevauban-blaye.fr\/wp-content\/uploads\/2021\/04\/IMG_0656-1536x2048.jpg 1536w, http:\/\/collegevauban-blaye.fr\/wp-content\/uploads\/2021\/04\/IMG_0656-scaled.jpg 1920w\" sizes=\"auto, (max-width: 767px) 89vw, (max-width: 1000px) 54vw, (max-width: 1071px) 543px, 580px\" \/><\/p>\n<p><img loading=\"lazy\" decoding=\"async\" class=\"aligncenter wp-image-5581 size-large\" src=\"http:\/\/collegevauban-blaye.fr\/wp-content\/uploads\/2021\/04\/IMG_5229-1-1024x768.jpg\" alt=\"\" width=\"1024\" height=\"768\" srcset=\"http:\/\/collegevauban-blaye.fr\/wp-content\/uploads\/2021\/04\/IMG_5229-1-1024x768.jpg 1024w, http:\/\/collegevauban-blaye.fr\/wp-content\/uploads\/2021\/04\/IMG_5229-1-300x225.jpg 300w, http:\/\/collegevauban-blaye.fr\/wp-content\/uploads\/2021\/04\/IMG_5229-1-768x576.jpg 768w, http:\/\/collegevauban-blaye.fr\/wp-content\/uploads\/2021\/04\/IMG_5229-1-1536x1152.jpg 1536w, http:\/\/collegevauban-blaye.fr\/wp-content\/uploads\/2021\/04\/IMG_5229-1-2048x1536.jpg 2048w\" sizes=\"auto, (max-width: 767px) 89vw, (max-width: 1000px) 54vw, (max-width: 1071px) 543px, 580px\" \/><\/p>\n<p><img loading=\"lazy\" decoding=\"async\" class=\"aligncenter wp-image-5580 size-large\" src=\"http:\/\/collegevauban-blaye.fr\/wp-content\/uploads\/2021\/04\/IMG_5231-1024x768.jpg\" alt=\"\" width=\"1024\" height=\"768\" srcset=\"http:\/\/collegevauban-blaye.fr\/wp-content\/uploads\/2021\/04\/IMG_5231-1024x768.jpg 1024w, http:\/\/collegevauban-blaye.fr\/wp-content\/uploads\/2021\/04\/IMG_5231-300x225.jpg 300w, http:\/\/collegevauban-blaye.fr\/wp-content\/uploads\/2021\/04\/IMG_5231-768x576.jpg 768w, http:\/\/collegevauban-blaye.fr\/wp-content\/uploads\/2021\/04\/IMG_5231-1536x1152.jpg 1536w, http:\/\/collegevauban-blaye.fr\/wp-content\/uploads\/2021\/04\/IMG_5231-2048x1536.jpg 2048w\" sizes=\"auto, (max-width: 767px) 89vw, (max-width: 1000px) 54vw, (max-width: 1071px) 543px, 580px\" \/><\/p>\n<p><img loading=\"lazy\" decoding=\"async\" class=\"aligncenter wp-image-5578 size-large\" src=\"http:\/\/collegevauban-blaye.fr\/wp-content\/uploads\/2021\/04\/IMG_0666-768x1024.jpg\" alt=\"\" width=\"768\" height=\"1024\" srcset=\"http:\/\/collegevauban-blaye.fr\/wp-content\/uploads\/2021\/04\/IMG_0666-768x1024.jpg 768w, http:\/\/collegevauban-blaye.fr\/wp-content\/uploads\/2021\/04\/IMG_0666-225x300.jpg 225w, http:\/\/collegevauban-blaye.fr\/wp-content\/uploads\/2021\/04\/IMG_0666-1152x1536.jpg 1152w, http:\/\/collegevauban-blaye.fr\/wp-content\/uploads\/2021\/04\/IMG_0666-1536x2048.jpg 1536w, http:\/\/collegevauban-blaye.fr\/wp-content\/uploads\/2021\/04\/IMG_0666-scaled.jpg 1920w\" sizes=\"auto, (max-width: 767px) 89vw, (max-width: 1000px) 54vw, (max-width: 1071px) 543px, 580px\" \/><img loading=\"lazy\" decoding=\"async\" class=\"aligncenter wp-image-5577 size-large\" src=\"http:\/\/collegevauban-blaye.fr\/wp-content\/uploads\/2021\/04\/IMG_0665-768x1024.jpg\" alt=\"\" width=\"768\" height=\"1024\" srcset=\"http:\/\/collegevauban-blaye.fr\/wp-content\/uploads\/2021\/04\/IMG_0665-768x1024.jpg 768w, http:\/\/collegevauban-blaye.fr\/wp-content\/uploads\/2021\/04\/IMG_0665-225x300.jpg 225w, http:\/\/collegevauban-blaye.fr\/wp-content\/uploads\/2021\/04\/IMG_0665-1152x1536.jpg 1152w, http:\/\/collegevauban-blaye.fr\/wp-content\/uploads\/2021\/04\/IMG_0665-1536x2048.jpg 1536w, http:\/\/collegevauban-blaye.fr\/wp-content\/uploads\/2021\/04\/IMG_0665-scaled.jpg 1920w\" sizes=\"auto, (max-width: 767px) 89vw, (max-width: 1000px) 54vw, (max-width: 1071px) 543px, 580px\" \/><\/p>\n<p><img loading=\"lazy\" decoding=\"async\" class=\"aligncenter wp-image-5576 size-large\" src=\"http:\/\/collegevauban-blaye.fr\/wp-content\/uploads\/2021\/04\/IMG_0662-768x1024.jpg\" alt=\"\" width=\"768\" height=\"1024\" srcset=\"http:\/\/collegevauban-blaye.fr\/wp-content\/uploads\/2021\/04\/IMG_0662-768x1024.jpg 768w, http:\/\/collegevauban-blaye.fr\/wp-content\/uploads\/2021\/04\/IMG_0662-225x300.jpg 225w, http:\/\/collegevauban-blaye.fr\/wp-content\/uploads\/2021\/04\/IMG_0662-1152x1536.jpg 1152w, http:\/\/collegevauban-blaye.fr\/wp-content\/uploads\/2021\/04\/IMG_0662-1536x2048.jpg 1536w, http:\/\/collegevauban-blaye.fr\/wp-content\/uploads\/2021\/04\/IMG_0662-scaled.jpg 1920w\" sizes=\"auto, (max-width: 767px) 89vw, (max-width: 1000px) 54vw, (max-width: 1071px) 543px, 580px\" \/><\/p>\n<p><img loading=\"lazy\" decoding=\"async\" class=\"aligncenter wp-image-5587 size-large\" src=\"http:\/\/collegevauban-blaye.fr\/wp-content\/uploads\/2021\/04\/IMG_5235-1024x768.jpg\" alt=\"\" width=\"1024\" height=\"768\" srcset=\"http:\/\/collegevauban-blaye.fr\/wp-content\/uploads\/2021\/04\/IMG_5235-1024x768.jpg 1024w, http:\/\/collegevauban-blaye.fr\/wp-content\/uploads\/2021\/04\/IMG_5235-300x225.jpg 300w, http:\/\/collegevauban-blaye.fr\/wp-content\/uploads\/2021\/04\/IMG_5235-768x576.jpg 768w, http:\/\/collegevauban-blaye.fr\/wp-content\/uploads\/2021\/04\/IMG_5235-1536x1152.jpg 1536w, http:\/\/collegevauban-blaye.fr\/wp-content\/uploads\/2021\/04\/IMG_5235-2048x1536.jpg 2048w\" sizes=\"auto, (max-width: 767px) 89vw, (max-width: 1000px) 54vw, (max-width: 1071px) 543px, 580px\" \/><\/p>\n<p><img loading=\"lazy\" decoding=\"async\" class=\"aligncenter wp-image-5588 size-large\" src=\"http:\/\/collegevauban-blaye.fr\/wp-content\/uploads\/2021\/04\/IMG_5237-1024x768.jpg\" alt=\"\" width=\"1024\" height=\"768\" srcset=\"http:\/\/collegevauban-blaye.fr\/wp-content\/uploads\/2021\/04\/IMG_5237-1024x768.jpg 1024w, http:\/\/collegevauban-blaye.fr\/wp-content\/uploads\/2021\/04\/IMG_5237-300x225.jpg 300w, http:\/\/collegevauban-blaye.fr\/wp-content\/uploads\/2021\/04\/IMG_5237-768x576.jpg 768w, http:\/\/collegevauban-blaye.fr\/wp-content\/uploads\/2021\/04\/IMG_5237-1536x1152.jpg 1536w, http:\/\/collegevauban-blaye.fr\/wp-content\/uploads\/2021\/04\/IMG_5237-2048x1536.jpg 2048w\" sizes=\"auto, (max-width: 767px) 89vw, (max-width: 1000px) 54vw, (max-width: 1071px) 543px, 580px\" \/><img loading=\"lazy\" decoding=\"async\" class=\"aligncenter wp-image-5589 size-large\" src=\"http:\/\/collegevauban-blaye.fr\/wp-content\/uploads\/2021\/04\/IMG_5238-768x1024.jpg\" alt=\"\" width=\"768\" height=\"1024\" srcset=\"http:\/\/collegevauban-blaye.fr\/wp-content\/uploads\/2021\/04\/IMG_5238-768x1024.jpg 768w, http:\/\/collegevauban-blaye.fr\/wp-content\/uploads\/2021\/04\/IMG_5238-225x300.jpg 225w, http:\/\/collegevauban-blaye.fr\/wp-content\/uploads\/2021\/04\/IMG_5238-1152x1536.jpg 1152w, http:\/\/collegevauban-blaye.fr\/wp-content\/uploads\/2021\/04\/IMG_5238-1536x2048.jpg 1536w, http:\/\/collegevauban-blaye.fr\/wp-content\/uploads\/2021\/04\/IMG_5238-scaled.jpg 1920w\" sizes=\"auto, (max-width: 767px) 89vw, (max-width: 1000px) 54vw, (max-width: 1071px) 543px, 580px\" \/><\/p>\n","protected":false},"excerpt":{"rendered":"<p>Ce lundi 29 mars, le coll\u00e8ge a eu la visite d&#8217;un essaim d&#8217;abeilles au jardin potager. Quoi de mieux pour le rucher p\u00e9dagogique mis en place depuis septembre. Gr\u00e2ce \u00e0 l&#8217;intervention de nos courageux apiculteurs, M. Charensac, professeur de SVT et M. Rana agent de maintenance au coll\u00e8ge, les abeilles ont rejoint leur reine. Les &hellip; <\/p>\n<p class=\"link-more\"><a href=\"http:\/\/collegevauban-blaye.fr\/?p=5564\" class=\"more-link\">Continuer la lecture<span class=\"screen-reader-text\"> de &laquo;&nbsp;Du miel et des abeilles&nbsp;&raquo;<\/span><\/a><\/p>\n","protected":false},"author":3,"featured_media":5566,"comment_status":"open","ping_status":"open","sticky":false,"template":"","format":"standard","meta":{"footnotes":""},"categories":[37,14],"tags":[],"class_list":["post-5564","post","type-post","status-publish","format-standard","has-post-thumbnail","hentry","category-jardin-potager","category-sciences"],"_links":{"self":[{"href":"http:\/\/collegevauban-blaye.fr\/index.php?rest_route=\/wp\/v2\/posts\/5564","targetHints":{"allow":["GET"]}}],"collection":[{"href":"http:\/\/collegevauban-blaye.fr\/index.php?rest_route=\/wp\/v2\/posts"}],"about":[{"href":"http:\/\/collegevauban-blaye.fr\/index.php?rest_route=\/wp\/v2\/types\/post"}],"author":[{"embeddable":true,"href":"http:\/\/collegevauban-blaye.fr\/index.php?rest_route=\/wp\/v2\/users\/3"}],"replies":[{"embeddable":true,"href":"http:\/\/collegevauban-blaye.fr\/index.php?rest_route=%2Fwp%2Fv2%2Fcomments&post=5564"}],"version-history":[{"count":12,"href":"http:\/\/collegevauban-blaye.fr\/index.php?rest_route=\/wp\/v2\/posts\/5564\/revisions"}],"predecessor-version":[{"id":5617,"href":"http:\/\/collegevauban-blaye.fr\/index.php?rest_route=\/wp\/v2\/posts\/5564\/revisions\/5617"}],"wp:featuredmedia":[{"embeddable":true,"href":"http:\/\/collegevauban-blaye.fr\/index.php?rest_route=\/wp\/v2\/media\/5566"}],"wp:attachment":[{"href":"http:\/\/collegevauban-blaye.fr\/index.php?rest_route=%2Fwp%2Fv2%2Fmedia&parent=5564"}],"wp:term":[{"taxonomy":"category","embeddable":true,"href":"http:\/\/collegevauban-blaye.fr\/index.php?rest_route=%2Fwp%2Fv2%2Fcategories&post=5564"},{"taxonomy":"post_tag","embeddable":true,"href":"http:\/\/collegevauban-blaye.fr\/index.php?rest_route=%2Fwp%2Fv2%2Ftags&post=5564"}],"curies":[{"name":"wp","href":"https:\/\/api.w.org\/{rel}","templated":true}]}}