{"id":6465,"date":"2021-11-29T09:06:48","date_gmt":"2021-11-29T08:06:48","guid":{"rendered":"http:\/\/collegevauban-blaye.fr\/?p=6465"},"modified":"2022-05-07T16:18:01","modified_gmt":"2022-05-07T14:18:01","slug":"josephine-baker-a-lhonneur","status":"publish","type":"post","link":"http:\/\/collegevauban-blaye.fr\/?p=6465","title":{"rendered":"Jos\u00e9phine Baker \u00e0 l&#8217;honneur"},"content":{"rendered":"\n<p>Artiste, militante et r\u00e9sistante, Jos\u00e9phine Baker est la premi\u00e8re femme noire \u00e0 entrer au Panth\u00e9on mardi 30 novembre. A l&#8217;initiative de Mme Bourdeverre-Veyssi\u00e8re, r\u00e9f\u00e9rente du Parcours Citoyen et de Mme Lesouple, r\u00e9f\u00e9rente du Parcours \u00c9ducatif Artistique et Culturel, une exposition pr\u00e9sentant son parcours est install\u00e9e dans les couloirs du b\u00e2timent A et nous avons le plaisir d&#8217;entendre \u00e0 chaque sonnerie le rossignol de Paris avec sa c\u00e9l\u00e8bre chanson &#8220;J&#8217;ai deux amours&#8221;.<\/p>\n<p><img loading=\"lazy\" decoding=\"async\" class=\"aligncenter wp-image-6466 size-large\" src=\"http:\/\/collegevauban-blaye.fr\/wp-content\/uploads\/2021\/11\/JB-7-1024x724.jpg\" alt=\"\" width=\"1024\" height=\"724\" srcset=\"http:\/\/collegevauban-blaye.fr\/wp-content\/uploads\/2021\/11\/JB-7-1024x724.jpg 1024w, http:\/\/collegevauban-blaye.fr\/wp-content\/uploads\/2021\/11\/JB-7-300x212.jpg 300w, http:\/\/collegevauban-blaye.fr\/wp-content\/uploads\/2021\/11\/JB-7-768x543.jpg 768w, http:\/\/collegevauban-blaye.fr\/wp-content\/uploads\/2021\/11\/JB-7.jpg 1500w\" sizes=\"auto, (max-width: 767px) 89vw, (max-width: 1000px) 54vw, (max-width: 1071px) 543px, 580px\" \/><img loading=\"lazy\" decoding=\"async\" class=\"aligncenter wp-image-6467 size-large\" src=\"http:\/\/collegevauban-blaye.fr\/wp-content\/uploads\/2021\/11\/1-1-1024x724.jpg\" alt=\"\" width=\"1024\" height=\"724\" srcset=\"http:\/\/collegevauban-blaye.fr\/wp-content\/uploads\/2021\/11\/1-1-1024x724.jpg 1024w, http:\/\/collegevauban-blaye.fr\/wp-content\/uploads\/2021\/11\/1-1-300x212.jpg 300w, http:\/\/collegevauban-blaye.fr\/wp-content\/uploads\/2021\/11\/1-1-768x543.jpg 768w, http:\/\/collegevauban-blaye.fr\/wp-content\/uploads\/2021\/11\/1-1.jpg 1500w\" sizes=\"auto, (max-width: 767px) 89vw, (max-width: 1000px) 54vw, (max-width: 1071px) 543px, 580px\" \/><img loading=\"lazy\" decoding=\"async\" class=\"aligncenter wp-image-6468 size-large\" src=\"http:\/\/collegevauban-blaye.fr\/wp-content\/uploads\/2021\/11\/2-1-1024x724.jpg\" alt=\"\" width=\"1024\" height=\"724\" srcset=\"http:\/\/collegevauban-blaye.fr\/wp-content\/uploads\/2021\/11\/2-1-1024x724.jpg 1024w, http:\/\/collegevauban-blaye.fr\/wp-content\/uploads\/2021\/11\/2-1-300x212.jpg 300w, http:\/\/collegevauban-blaye.fr\/wp-content\/uploads\/2021\/11\/2-1-768x543.jpg 768w, http:\/\/collegevauban-blaye.fr\/wp-content\/uploads\/2021\/11\/2-1.jpg 1500w\" sizes=\"auto, (max-width: 767px) 89vw, (max-width: 1000px) 54vw, (max-width: 1071px) 543px, 580px\" \/><img loading=\"lazy\" decoding=\"async\" class=\"aligncenter wp-image-6469 size-large\" src=\"http:\/\/collegevauban-blaye.fr\/wp-content\/uploads\/2021\/11\/JB-3-1024x724.jpg\" alt=\"\" width=\"1024\" height=\"724\" srcset=\"http:\/\/collegevauban-blaye.fr\/wp-content\/uploads\/2021\/11\/JB-3-1024x724.jpg 1024w, http:\/\/collegevauban-blaye.fr\/wp-content\/uploads\/2021\/11\/JB-3-300x212.jpg 300w, http:\/\/collegevauban-blaye.fr\/wp-content\/uploads\/2021\/11\/JB-3-768x543.jpg 768w, http:\/\/collegevauban-blaye.fr\/wp-content\/uploads\/2021\/11\/JB-3.jpg 1500w\" sizes=\"auto, (max-width: 767px) 89vw, (max-width: 1000px) 54vw, (max-width: 1071px) 543px, 580px\" \/><img loading=\"lazy\" decoding=\"async\" class=\"aligncenter wp-image-6470 size-large\" src=\"http:\/\/collegevauban-blaye.fr\/wp-content\/uploads\/2021\/11\/JB-4-1024x724.jpg\" alt=\"\" width=\"1024\" height=\"724\" srcset=\"http:\/\/collegevauban-blaye.fr\/wp-content\/uploads\/2021\/11\/JB-4-1024x724.jpg 1024w, http:\/\/collegevauban-blaye.fr\/wp-content\/uploads\/2021\/11\/JB-4-300x212.jpg 300w, http:\/\/collegevauban-blaye.fr\/wp-content\/uploads\/2021\/11\/JB-4-768x543.jpg 768w, http:\/\/collegevauban-blaye.fr\/wp-content\/uploads\/2021\/11\/JB-4.jpg 1500w\" sizes=\"auto, (max-width: 767px) 89vw, (max-width: 1000px) 54vw, (max-width: 1071px) 543px, 580px\" \/><img loading=\"lazy\" decoding=\"async\" class=\"aligncenter wp-image-6471 size-large\" src=\"http:\/\/collegevauban-blaye.fr\/wp-content\/uploads\/2021\/11\/JB-5-1024x724.jpg\" alt=\"\" width=\"1024\" height=\"724\" srcset=\"http:\/\/collegevauban-blaye.fr\/wp-content\/uploads\/2021\/11\/JB-5-1024x724.jpg 1024w, http:\/\/collegevauban-blaye.fr\/wp-content\/uploads\/2021\/11\/JB-5-300x212.jpg 300w, http:\/\/collegevauban-blaye.fr\/wp-content\/uploads\/2021\/11\/JB-5-768x543.jpg 768w, http:\/\/collegevauban-blaye.fr\/wp-content\/uploads\/2021\/11\/JB-5.jpg 1500w\" sizes=\"auto, (max-width: 767px) 89vw, (max-width: 1000px) 54vw, (max-width: 1071px) 543px, 580px\" \/><img loading=\"lazy\" decoding=\"async\" class=\"aligncenter wp-image-6472 size-large\" src=\"http:\/\/collegevauban-blaye.fr\/wp-content\/uploads\/2021\/11\/JB-6-1024x724.jpg\" alt=\"\" width=\"1024\" height=\"724\" srcset=\"http:\/\/collegevauban-blaye.fr\/wp-content\/uploads\/2021\/11\/JB-6-1024x724.jpg 1024w, http:\/\/collegevauban-blaye.fr\/wp-content\/uploads\/2021\/11\/JB-6-300x212.jpg 300w, http:\/\/collegevauban-blaye.fr\/wp-content\/uploads\/2021\/11\/JB-6-768x543.jpg 768w, http:\/\/collegevauban-blaye.fr\/wp-content\/uploads\/2021\/11\/JB-6.jpg 1500w\" sizes=\"auto, (max-width: 767px) 89vw, (max-width: 1000px) 54vw, (max-width: 1071px) 543px, 580px\" \/><\/p>\n","protected":false},"excerpt":{"rendered":"<p>Artiste, militante et r\u00e9sistante, Jos\u00e9phine Baker est la premi\u00e8re femme noire \u00e0 entrer au Panth\u00e9on mardi 30 novembre. A l&#8217;initiative de Mme Bourdeverre-Veyssi\u00e8re, r\u00e9f\u00e9rente du Parcours Citoyen et de Mme Lesouple, r\u00e9f\u00e9rente du Parcours \u00c9ducatif Artistique et Culturel, une exposition pr\u00e9sentant son parcours est install\u00e9e dans les couloirs du b\u00e2timent A et nous avons le &hellip; <\/p>\n<p class=\"link-more\"><a href=\"http:\/\/collegevauban-blaye.fr\/?p=6465\" class=\"more-link\">Continuer la lecture<span class=\"screen-reader-text\"> de &laquo;&nbsp;Jos\u00e9phine Baker \u00e0 l&#8217;honneur&nbsp;&raquo;<\/span><\/a><\/p>\n","protected":false},"author":3,"featured_media":6476,"comment_status":"closed","ping_status":"closed","sticky":false,"template":"","format":"standard","meta":{"footnotes":""},"categories":[31,48],"tags":[],"class_list":["post-6465","post","type-post","status-publish","format-standard","has-post-thumbnail","hentry","category-parcours-citoyen","category-parcours-deducation-artistique-et-culturelle"],"_links":{"self":[{"href":"http:\/\/collegevauban-blaye.fr\/index.php?rest_route=\/wp\/v2\/posts\/6465","targetHints":{"allow":["GET"]}}],"collection":[{"href":"http:\/\/collegevauban-blaye.fr\/index.php?rest_route=\/wp\/v2\/posts"}],"about":[{"href":"http:\/\/collegevauban-blaye.fr\/index.php?rest_route=\/wp\/v2\/types\/post"}],"author":[{"embeddable":true,"href":"http:\/\/collegevauban-blaye.fr\/index.php?rest_route=\/wp\/v2\/users\/3"}],"replies":[{"embeddable":true,"href":"http:\/\/collegevauban-blaye.fr\/index.php?rest_route=%2Fwp%2Fv2%2Fcomments&post=6465"}],"version-history":[{"count":3,"href":"http:\/\/collegevauban-blaye.fr\/index.php?rest_route=\/wp\/v2\/posts\/6465\/revisions"}],"predecessor-version":[{"id":7176,"href":"http:\/\/collegevauban-blaye.fr\/index.php?rest_route=\/wp\/v2\/posts\/6465\/revisions\/7176"}],"wp:featuredmedia":[{"embeddable":true,"href":"http:\/\/collegevauban-blaye.fr\/index.php?rest_route=\/wp\/v2\/media\/6476"}],"wp:attachment":[{"href":"http:\/\/collegevauban-blaye.fr\/index.php?rest_route=%2Fwp%2Fv2%2Fmedia&parent=6465"}],"wp:term":[{"taxonomy":"category","embeddable":true,"href":"http:\/\/collegevauban-blaye.fr\/index.php?rest_route=%2Fwp%2Fv2%2Fcategories&post=6465"},{"taxonomy":"post_tag","embeddable":true,"href":"http:\/\/collegevauban-blaye.fr\/index.php?rest_route=%2Fwp%2Fv2%2Ftags&post=6465"}],"curies":[{"name":"wp","href":"https:\/\/api.w.org\/{rel}","templated":true}]}}