{"id":7184,"date":"2022-05-02T16:55:00","date_gmt":"2022-05-02T14:55:00","guid":{"rendered":"http:\/\/collegevauban-blaye.fr\/?p=7184"},"modified":"2022-05-07T17:04:31","modified_gmt":"2022-05-07T15:04:31","slug":"lexposition-les-masques-de-nos-monstres-au-cdi","status":"publish","type":"post","link":"http:\/\/collegevauban-blaye.fr\/?p=7184","title":{"rendered":"L&#8217;exposition &#8220;Les masques de nos monstres&#8221; au CDI"},"content":{"rendered":"\n<a href=\"http:\/\/collegevauban-blaye.fr\/wp-content\/uploads\/2022\/05\/cartel_3.pdf\" class=\"pdfemb-viewer\" style=\"\" data-width=\"max\" data-height=\"max\"  data-toolbar=\"bottom\" data-toolbar-fixed=\"off\">cartel_3<br\/><\/a>\n\n\n\n<h5>L&#8217;exposition dont nous vous avions fait part en mars, visible \u00e0 la m\u00e9diath\u00e8que de Blaye, est actuellement au CDI du coll\u00e8ge Vauban. L&#8217;occasion de d\u00e9couvrir le beau travail de la 6e ARTS dont vous pouvez lire la pr\u00e9sentation ci dessous.<\/h5>\n<p>&nbsp;<\/p>\n\n\n\n<figure class=\"wp-block-image size-large\"><img loading=\"lazy\" decoding=\"async\" width=\"768\" height=\"1024\" src=\"http:\/\/collegevauban-blaye.fr\/wp-content\/uploads\/2022\/03\/IMG-20220304-WA0001-768x1024.jpg\" alt=\"\" class=\"wp-image-6913\" srcset=\"http:\/\/collegevauban-blaye.fr\/wp-content\/uploads\/2022\/03\/IMG-20220304-WA0001-768x1024.jpg 768w, http:\/\/collegevauban-blaye.fr\/wp-content\/uploads\/2022\/03\/IMG-20220304-WA0001-225x300.jpg 225w, http:\/\/collegevauban-blaye.fr\/wp-content\/uploads\/2022\/03\/IMG-20220304-WA0001-1152x1536.jpg 1152w, http:\/\/collegevauban-blaye.fr\/wp-content\/uploads\/2022\/03\/IMG-20220304-WA0001.jpg 1536w\" sizes=\"auto, (max-width: 767px) 89vw, (max-width: 1000px) 54vw, (max-width: 1071px) 543px, 580px\" \/><\/figure>\n\n\n\n<figure class=\"wp-block-gallery has-nested-images columns-default is-cropped wp-block-gallery-1 is-layout-flex wp-block-gallery-is-layout-flex\">\n<figure class=\"wp-block-image size-large\"><img loading=\"lazy\" decoding=\"async\" width=\"1024\" height=\"769\" data-id=\"7188\" src=\"http:\/\/collegevauban-blaye.fr\/wp-content\/uploads\/2022\/05\/1651934727236-1024x769.jpg\" alt=\"\" class=\"wp-image-7188\" srcset=\"http:\/\/collegevauban-blaye.fr\/wp-content\/uploads\/2022\/05\/1651934727236-1024x769.jpg 1024w, http:\/\/collegevauban-blaye.fr\/wp-content\/uploads\/2022\/05\/1651934727236-300x225.jpg 300w, http:\/\/collegevauban-blaye.fr\/wp-content\/uploads\/2022\/05\/1651934727236-768x577.jpg 768w, http:\/\/collegevauban-blaye.fr\/wp-content\/uploads\/2022\/05\/1651934727236-1536x1153.jpg 1536w, http:\/\/collegevauban-blaye.fr\/wp-content\/uploads\/2022\/05\/1651934727236-2048x1538.jpg 2048w\" sizes=\"auto, (max-width: 767px) 89vw, (max-width: 1000px) 54vw, (max-width: 1071px) 543px, 580px\" \/><\/figure>\n\n\n\n<figure class=\"wp-block-image size-large\"><img loading=\"lazy\" decoding=\"async\" width=\"769\" height=\"1024\" data-id=\"7185\" src=\"http:\/\/collegevauban-blaye.fr\/wp-content\/uploads\/2022\/05\/1651934727220-769x1024.jpg\" alt=\"\" class=\"wp-image-7185\" srcset=\"http:\/\/collegevauban-blaye.fr\/wp-content\/uploads\/2022\/05\/1651934727220-769x1024.jpg 769w, http:\/\/collegevauban-blaye.fr\/wp-content\/uploads\/2022\/05\/1651934727220-225x300.jpg 225w, http:\/\/collegevauban-blaye.fr\/wp-content\/uploads\/2022\/05\/1651934727220-768x1023.jpg 768w, http:\/\/collegevauban-blaye.fr\/wp-content\/uploads\/2022\/05\/1651934727220-1153x1536.jpg 1153w, http:\/\/collegevauban-blaye.fr\/wp-content\/uploads\/2022\/05\/1651934727220-1538x2048.jpg 1538w, http:\/\/collegevauban-blaye.fr\/wp-content\/uploads\/2022\/05\/1651934727220-scaled.jpg 1922w\" sizes=\"auto, (max-width: 767px) 89vw, (max-width: 1000px) 54vw, (max-width: 1071px) 543px, 580px\" \/><\/figure>\n<\/figure>\n\n\n\n<p><img loading=\"lazy\" decoding=\"async\" class=\"alignnone size-large wp-image-7191\" src=\"http:\/\/collegevauban-blaye.fr\/wp-content\/uploads\/2022\/05\/1651934727228-2-1024x769.jpg\" alt=\"\" width=\"1024\" height=\"769\" srcset=\"http:\/\/collegevauban-blaye.fr\/wp-content\/uploads\/2022\/05\/1651934727228-2-1024x769.jpg 1024w, http:\/\/collegevauban-blaye.fr\/wp-content\/uploads\/2022\/05\/1651934727228-2-300x225.jpg 300w, http:\/\/collegevauban-blaye.fr\/wp-content\/uploads\/2022\/05\/1651934727228-2-768x577.jpg 768w, http:\/\/collegevauban-blaye.fr\/wp-content\/uploads\/2022\/05\/1651934727228-2-1536x1153.jpg 1536w, http:\/\/collegevauban-blaye.fr\/wp-content\/uploads\/2022\/05\/1651934727228-2-2048x1538.jpg 2048w\" sizes=\"auto, (max-width: 767px) 89vw, (max-width: 1000px) 54vw, (max-width: 1071px) 543px, 580px\" \/><\/p>\n","protected":false},"excerpt":{"rendered":"<p>L&#8217;exposition dont nous vous avions fait part en mars, visible \u00e0 la m\u00e9diath\u00e8que de Blaye, est actuellement au CDI du coll\u00e8ge Vauban. L&#8217;occasion de d\u00e9couvrir le beau travail de la 6e ARTS dont vous pouvez lire la pr\u00e9sentation ci dessous. &nbsp;<\/p>\n","protected":false},"author":3,"featured_media":6918,"comment_status":"closed","ping_status":"closed","sticky":false,"template":"","format":"standard","meta":{"footnotes":""},"categories":[40,48],"tags":[],"class_list":["post-7184","post","type-post","status-publish","format-standard","has-post-thumbnail","hentry","category-6eme-arts","category-parcours-deducation-artistique-et-culturelle"],"_links":{"self":[{"href":"http:\/\/collegevauban-blaye.fr\/index.php?rest_route=\/wp\/v2\/posts\/7184","targetHints":{"allow":["GET"]}}],"collection":[{"href":"http:\/\/collegevauban-blaye.fr\/index.php?rest_route=\/wp\/v2\/posts"}],"about":[{"href":"http:\/\/collegevauban-blaye.fr\/index.php?rest_route=\/wp\/v2\/types\/post"}],"author":[{"embeddable":true,"href":"http:\/\/collegevauban-blaye.fr\/index.php?rest_route=\/wp\/v2\/users\/3"}],"replies":[{"embeddable":true,"href":"http:\/\/collegevauban-blaye.fr\/index.php?rest_route=%2Fwp%2Fv2%2Fcomments&post=7184"}],"version-history":[{"count":2,"href":"http:\/\/collegevauban-blaye.fr\/index.php?rest_route=\/wp\/v2\/posts\/7184\/revisions"}],"predecessor-version":[{"id":7195,"href":"http:\/\/collegevauban-blaye.fr\/index.php?rest_route=\/wp\/v2\/posts\/7184\/revisions\/7195"}],"wp:featuredmedia":[{"embeddable":true,"href":"http:\/\/collegevauban-blaye.fr\/index.php?rest_route=\/wp\/v2\/media\/6918"}],"wp:attachment":[{"href":"http:\/\/collegevauban-blaye.fr\/index.php?rest_route=%2Fwp%2Fv2%2Fmedia&parent=7184"}],"wp:term":[{"taxonomy":"category","embeddable":true,"href":"http:\/\/collegevauban-blaye.fr\/index.php?rest_route=%2Fwp%2Fv2%2Fcategories&post=7184"},{"taxonomy":"post_tag","embeddable":true,"href":"http:\/\/collegevauban-blaye.fr\/index.php?rest_route=%2Fwp%2Fv2%2Ftags&post=7184"}],"curies":[{"name":"wp","href":"https:\/\/api.w.org\/{rel}","templated":true}]}}