{"id":7771,"date":"2022-09-10T17:54:59","date_gmt":"2022-09-10T15:54:59","guid":{"rendered":"http:\/\/collegevauban-blaye.fr\/?p=7771"},"modified":"2022-09-10T20:18:16","modified_gmt":"2022-09-10T18:18:16","slug":"7771","status":"publish","type":"post","link":"http:\/\/collegevauban-blaye.fr\/?p=7771","title":{"rendered":"La chorale revient !"},"content":{"rendered":"\n<h5 style=\"text-align: left;\">La chorale du coll\u00e8ge reprend tous les mardis de 13h \u00e0 14h en salle A01 avec un programme <br>&#8220;Disco&#8221; (en anglais et en fran\u00e7ais)&nbsp;\u00e0 partir du mardi 13\/09.<br>Si les \u00e9l\u00e8ves de 3\u00e8me sont prioritaires (la chorale est une option facultative pouvant rapporter <br>20 points au DNB), ainsi que les anciens \u00e9l\u00e8ves,&nbsp;les nouveaux sont invit\u00e9s \u00e0 les rejoindre,&nbsp;<br>y compris les professeurs et personnels qui le souhaitent.<br>Pour l&#8217;instant 4 classes ne peuvent acc\u00e9der \u00e0 cette option en raison de cours d\u00e9butant \u00e0 13h30.<br>L&#8217;objectif de la chorale est multiple : Progresser en chant en acqu\u00e9rant plus de technique, <br>apprendre \u00e0 chanter \u00e0 plusieurs voix, faire l&#8217;exp\u00e9rience de la sc\u00e8ne.&nbsp;En effet au mois de mai ou <br>juin, un concert rassemblant les chorales de&nbsp;plusieurs coll\u00e8ges de la ZAP de Blaye et <br>accompagn\u00e9 par trois musiciens professionnels aura lieu \u00e0 la Coupole (Saint Loub\u00e8s).<br>Les trois r\u00e8gles d&#8217;or du choriste : \u00catre assidu, ponctuel et aimer chanter !<br>Les \u00e9l\u00e8ves inscrits \u00e0 la chorale sont prioritaires au self, notamment ceux qui terminent les cours \u00e0 <br>12h30.<br>3 s\u00e9ances d&#8217;essai sont pr\u00e9vues les 13, 20 et 27 septembre.<br>\u00c0 compter du 4 octobre, les inscriptions seront d\u00e9finitives.&nbsp;<\/h5>\n<h5>Les professeurs d&#8217;\u00e9ducation musicale<\/h5>\n<h4>Voici le programme &#8230;<\/h4>\n<p>&nbsp;<\/p>\n\n\n\n<figure class=\"wp-block-video\"><video height=\"1080\" style=\"aspect-ratio: 1920 \/ 1080;\" width=\"1920\" controls src=\"http:\/\/collegevauban-blaye.fr\/wp-content\/uploads\/2022\/09\/Ben-Michael-Jackson.mp4\"><\/video><\/figure>\n\n\n","protected":false},"excerpt":{"rendered":"<p>La chorale du coll\u00e8ge reprend tous les mardis de 13h \u00e0 14h en salle A01 avec un programme &#8220;Disco&#8221; (en anglais et en fran\u00e7ais)&nbsp;\u00e0 partir du mardi 13\/09.Si les \u00e9l\u00e8ves de 3\u00e8me sont prioritaires (la chorale est une option facultative pouvant rapporter 20 points au DNB), ainsi que les anciens \u00e9l\u00e8ves,&nbsp;les nouveaux sont invit\u00e9s \u00e0 &hellip; <\/p>\n<p class=\"link-more\"><a href=\"http:\/\/collegevauban-blaye.fr\/?p=7771\" class=\"more-link\">Continuer la lecture<span class=\"screen-reader-text\"> de &laquo;&nbsp;La chorale revient !&nbsp;&raquo;<\/span><\/a><\/p>\n","protected":false},"author":3,"featured_media":7780,"comment_status":"closed","ping_status":"closed","sticky":false,"template":"","format":"standard","meta":{"footnotes":""},"categories":[3,48],"tags":[],"class_list":["post-7771","post","type-post","status-publish","format-standard","has-post-thumbnail","hentry","category-arts","category-parcours-deducation-artistique-et-culturelle"],"_links":{"self":[{"href":"http:\/\/collegevauban-blaye.fr\/index.php?rest_route=\/wp\/v2\/posts\/7771","targetHints":{"allow":["GET"]}}],"collection":[{"href":"http:\/\/collegevauban-blaye.fr\/index.php?rest_route=\/wp\/v2\/posts"}],"about":[{"href":"http:\/\/collegevauban-blaye.fr\/index.php?rest_route=\/wp\/v2\/types\/post"}],"author":[{"embeddable":true,"href":"http:\/\/collegevauban-blaye.fr\/index.php?rest_route=\/wp\/v2\/users\/3"}],"replies":[{"embeddable":true,"href":"http:\/\/collegevauban-blaye.fr\/index.php?rest_route=%2Fwp%2Fv2%2Fcomments&post=7771"}],"version-history":[{"count":3,"href":"http:\/\/collegevauban-blaye.fr\/index.php?rest_route=\/wp\/v2\/posts\/7771\/revisions"}],"predecessor-version":[{"id":7782,"href":"http:\/\/collegevauban-blaye.fr\/index.php?rest_route=\/wp\/v2\/posts\/7771\/revisions\/7782"}],"wp:featuredmedia":[{"embeddable":true,"href":"http:\/\/collegevauban-blaye.fr\/index.php?rest_route=\/wp\/v2\/media\/7780"}],"wp:attachment":[{"href":"http:\/\/collegevauban-blaye.fr\/index.php?rest_route=%2Fwp%2Fv2%2Fmedia&parent=7771"}],"wp:term":[{"taxonomy":"category","embeddable":true,"href":"http:\/\/collegevauban-blaye.fr\/index.php?rest_route=%2Fwp%2Fv2%2Fcategories&post=7771"},{"taxonomy":"post_tag","embeddable":true,"href":"http:\/\/collegevauban-blaye.fr\/index.php?rest_route=%2Fwp%2Fv2%2Ftags&post=7771"}],"curies":[{"name":"wp","href":"https:\/\/api.w.org\/{rel}","templated":true}]}}