{"id":8686,"date":"2023-03-11T16:05:09","date_gmt":"2023-03-11T15:05:09","guid":{"rendered":"http:\/\/collegevauban-blaye.fr\/?p=8686"},"modified":"2023-03-11T16:12:47","modified_gmt":"2023-03-11T15:12:47","slug":"bravo-les-filles","status":"publish","type":"post","link":"http:\/\/collegevauban-blaye.fr\/?p=8686","title":{"rendered":"Bravo les filles !"},"content":{"rendered":"\n<h5>Ce mercredi 8 mars, les minimes filles de Blaye, ont gagn\u00e9 la finale d\u00e9partementale de Basket qui se d\u00e9roulait \u00e0 Pessac, avec une victoire 34-4 contre l\u2019\u00e9quipe du Pont de la Maye. Les filles sont maintenant qualifi\u00e9es pour la phase acad\u00e9mique, un grand bravo \u00e0 elles !<br \/>Sur la photo, de gauche \u00e0 droite en partant du haut : L\u00e9a Grellier, Ema LeGall-Emrich, Candice L\u00e9ger, Pauline Lapos, Chlo\u00e9 Grellier, Maelle Galbat-Larose, Manon Saint Gaudens.<\/h5>\n<p>Article r\u00e9dig\u00e9 par Lila Michaud<\/p>\n\n\n\n<figure class=\"wp-block-image size-large\"><img loading=\"lazy\" decoding=\"async\" width=\"768\" height=\"1024\" src=\"http:\/\/collegevauban-blaye.fr\/wp-content\/uploads\/2023\/03\/finale-minimes-basket-768x1024.jpeg\" alt=\"\" class=\"wp-image-8687\" srcset=\"http:\/\/collegevauban-blaye.fr\/wp-content\/uploads\/2023\/03\/finale-minimes-basket-768x1024.jpeg 768w, http:\/\/collegevauban-blaye.fr\/wp-content\/uploads\/2023\/03\/finale-minimes-basket-225x300.jpeg 225w, http:\/\/collegevauban-blaye.fr\/wp-content\/uploads\/2023\/03\/finale-minimes-basket.jpeg 1125w\" sizes=\"auto, (max-width: 767px) 89vw, (max-width: 1000px) 54vw, (max-width: 1071px) 543px, 580px\" \/><\/figure>\n","protected":false},"excerpt":{"rendered":"<p>Ce mercredi 8 mars, les minimes filles de Blaye, ont gagn\u00e9 la finale d\u00e9partementale de Basket qui se d\u00e9roulait \u00e0 Pessac, avec une victoire 34-4 contre l\u2019\u00e9quipe du Pont de la Maye. Les filles sont maintenant qualifi\u00e9es pour la phase acad\u00e9mique, un grand bravo \u00e0 elles !Sur la photo, de gauche \u00e0 droite en partant &hellip; <\/p>\n<p class=\"link-more\"><a href=\"http:\/\/collegevauban-blaye.fr\/?p=8686\" class=\"more-link\">Continuer la lecture<span class=\"screen-reader-text\"> de &laquo;&nbsp;Bravo les filles !&nbsp;&raquo;<\/span><\/a><\/p>\n","protected":false},"author":3,"featured_media":8691,"comment_status":"closed","ping_status":"closed","sticky":false,"template":"","format":"standard","meta":{"footnotes":""},"categories":[51,6,34],"tags":[],"class_list":["post-8686","post","type-post","status-publish","format-standard","has-post-thumbnail","hentry","category-as","category-eps","category-parcours-sante"],"_links":{"self":[{"href":"http:\/\/collegevauban-blaye.fr\/index.php?rest_route=\/wp\/v2\/posts\/8686","targetHints":{"allow":["GET"]}}],"collection":[{"href":"http:\/\/collegevauban-blaye.fr\/index.php?rest_route=\/wp\/v2\/posts"}],"about":[{"href":"http:\/\/collegevauban-blaye.fr\/index.php?rest_route=\/wp\/v2\/types\/post"}],"author":[{"embeddable":true,"href":"http:\/\/collegevauban-blaye.fr\/index.php?rest_route=\/wp\/v2\/users\/3"}],"replies":[{"embeddable":true,"href":"http:\/\/collegevauban-blaye.fr\/index.php?rest_route=%2Fwp%2Fv2%2Fcomments&post=8686"}],"version-history":[{"count":2,"href":"http:\/\/collegevauban-blaye.fr\/index.php?rest_route=\/wp\/v2\/posts\/8686\/revisions"}],"predecessor-version":[{"id":8693,"href":"http:\/\/collegevauban-blaye.fr\/index.php?rest_route=\/wp\/v2\/posts\/8686\/revisions\/8693"}],"wp:featuredmedia":[{"embeddable":true,"href":"http:\/\/collegevauban-blaye.fr\/index.php?rest_route=\/wp\/v2\/media\/8691"}],"wp:attachment":[{"href":"http:\/\/collegevauban-blaye.fr\/index.php?rest_route=%2Fwp%2Fv2%2Fmedia&parent=8686"}],"wp:term":[{"taxonomy":"category","embeddable":true,"href":"http:\/\/collegevauban-blaye.fr\/index.php?rest_route=%2Fwp%2Fv2%2Fcategories&post=8686"},{"taxonomy":"post_tag","embeddable":true,"href":"http:\/\/collegevauban-blaye.fr\/index.php?rest_route=%2Fwp%2Fv2%2Ftags&post=8686"}],"curies":[{"name":"wp","href":"https:\/\/api.w.org\/{rel}","templated":true}]}}