{"id":9994,"date":"2023-12-16T18:34:54","date_gmt":"2023-12-16T17:34:54","guid":{"rendered":"https:\/\/collegevauban-blaye.fr\/?p=9994"},"modified":"2023-12-16T19:24:17","modified_gmt":"2023-12-16T18:24:17","slug":"un-historien-raconte-la-guerre","status":"publish","type":"post","link":"http:\/\/collegevauban-blaye.fr\/?p=9994","title":{"rendered":"Un historien raconte la guerre aux 3\u00e8mes SEGPA ."},"content":{"rendered":"\n<h2><span style=\"color: #008000\">Un historien raconte les poilus.<\/span><\/h2>\n\n\n\n<p><span aria-hidden=\"true\">Vincent Bernard\u00a0 h<\/span>istorien et\u00a0 journaliste, sp\u00e9cialis\u00e9 en questions militaires et d\u00e9fense<span aria-hidden=\"true\"> ,rencontrait\u00a0 au CDI le jeudi 14 D\u00e9cembre les 3\u00e8mes SEGPA pour \u00e9changer autour des poilus de la premi\u00e8re guerre mondiale. L&#8217;historien a su ,gr\u00e2ce \u00e0 ses photos et documents historiques ,raconter par l&#8217;image cette p\u00e9riode de l&#8217;histoire. Les \u00e9l\u00e8ves int\u00e9ress\u00e9s ,ont pos\u00e9 de nombreuses questions\u00a0 et ont pu\u00a0 ainsi aborder leur programme d&#8217;histoire et de fran\u00e7ais sous un angle diff\u00e9rent. L&#8217;historien avait \u00e9galement apport\u00e9 quelques-uns de ses ouvrages.<\/span><\/p>\n\n\n\n\n\n<figure class=\"wp-block-image size-large\"><img loading=\"lazy\" decoding=\"async\" width=\"1024\" height=\"576\" src=\"http:\/\/collegevauban-blaye.fr\/wp-content\/uploads\/2023\/12\/photo-historien-1024x576.jpg\" alt=\"\" class=\"wp-image-9995\" srcset=\"http:\/\/collegevauban-blaye.fr\/wp-content\/uploads\/2023\/12\/photo-historien-1024x576.jpg 1024w, http:\/\/collegevauban-blaye.fr\/wp-content\/uploads\/2023\/12\/photo-historien-300x169.jpg 300w, http:\/\/collegevauban-blaye.fr\/wp-content\/uploads\/2023\/12\/photo-historien-768x432.jpg 768w, http:\/\/collegevauban-blaye.fr\/wp-content\/uploads\/2023\/12\/photo-historien-1536x864.jpg 1536w, http:\/\/collegevauban-blaye.fr\/wp-content\/uploads\/2023\/12\/photo-historien-2048x1152.jpg 2048w\" sizes=\"auto, (max-width: 767px) 89vw, (max-width: 1000px) 54vw, (max-width: 1071px) 543px, 580px\" \/><\/figure>\n\n\n\n<figure class=\"wp-block-image size-large\"><img loading=\"lazy\" decoding=\"async\" width=\"1024\" height=\"576\" src=\"http:\/\/collegevauban-blaye.fr\/wp-content\/uploads\/2023\/12\/livres-1024x576.jpg\" alt=\"\" class=\"wp-image-9996\" srcset=\"http:\/\/collegevauban-blaye.fr\/wp-content\/uploads\/2023\/12\/livres-1024x576.jpg 1024w, http:\/\/collegevauban-blaye.fr\/wp-content\/uploads\/2023\/12\/livres-300x169.jpg 300w, http:\/\/collegevauban-blaye.fr\/wp-content\/uploads\/2023\/12\/livres-768x432.jpg 768w, http:\/\/collegevauban-blaye.fr\/wp-content\/uploads\/2023\/12\/livres-1536x864.jpg 1536w, http:\/\/collegevauban-blaye.fr\/wp-content\/uploads\/2023\/12\/livres-2048x1152.jpg 2048w\" sizes=\"auto, (max-width: 767px) 89vw, (max-width: 1000px) 54vw, (max-width: 1071px) 543px, 580px\" \/><\/figure>\n","protected":false},"excerpt":{"rendered":"<p>Un historien raconte les poilus. Vincent Bernard\u00a0 historien et\u00a0 journaliste, sp\u00e9cialis\u00e9 en questions militaires et d\u00e9fense ,rencontrait\u00a0 au CDI le jeudi 14 D\u00e9cembre les 3\u00e8mes SEGPA pour \u00e9changer autour des poilus de la premi\u00e8re guerre mondiale. L&#8217;historien a su ,gr\u00e2ce \u00e0 ses photos et documents historiques ,raconter par l&#8217;image cette p\u00e9riode de l&#8217;histoire. Les \u00e9l\u00e8ves &hellip; <\/p>\n<p class=\"link-more\"><a href=\"http:\/\/collegevauban-blaye.fr\/?p=9994\" class=\"more-link\">Continuer la lecture<span class=\"screen-reader-text\"> de &laquo;&nbsp;Un historien raconte la guerre aux 3\u00e8mes SEGPA .&nbsp;&raquo;<\/span><\/a><\/p>\n","protected":false},"author":7,"featured_media":10005,"comment_status":"closed","ping_status":"closed","sticky":false,"template":"","format":"standard","meta":{"footnotes":""},"categories":[1],"tags":[],"class_list":["post-9994","post","type-post","status-publish","format-standard","has-post-thumbnail","hentry","category-non-classe"],"_links":{"self":[{"href":"http:\/\/collegevauban-blaye.fr\/index.php?rest_route=\/wp\/v2\/posts\/9994","targetHints":{"allow":["GET"]}}],"collection":[{"href":"http:\/\/collegevauban-blaye.fr\/index.php?rest_route=\/wp\/v2\/posts"}],"about":[{"href":"http:\/\/collegevauban-blaye.fr\/index.php?rest_route=\/wp\/v2\/types\/post"}],"author":[{"embeddable":true,"href":"http:\/\/collegevauban-blaye.fr\/index.php?rest_route=\/wp\/v2\/users\/7"}],"replies":[{"embeddable":true,"href":"http:\/\/collegevauban-blaye.fr\/index.php?rest_route=%2Fwp%2Fv2%2Fcomments&post=9994"}],"version-history":[{"count":4,"href":"http:\/\/collegevauban-blaye.fr\/index.php?rest_route=\/wp\/v2\/posts\/9994\/revisions"}],"predecessor-version":[{"id":10008,"href":"http:\/\/collegevauban-blaye.fr\/index.php?rest_route=\/wp\/v2\/posts\/9994\/revisions\/10008"}],"wp:featuredmedia":[{"embeddable":true,"href":"http:\/\/collegevauban-blaye.fr\/index.php?rest_route=\/wp\/v2\/media\/10005"}],"wp:attachment":[{"href":"http:\/\/collegevauban-blaye.fr\/index.php?rest_route=%2Fwp%2Fv2%2Fmedia&parent=9994"}],"wp:term":[{"taxonomy":"category","embeddable":true,"href":"http:\/\/collegevauban-blaye.fr\/index.php?rest_route=%2Fwp%2Fv2%2Fcategories&post=9994"},{"taxonomy":"post_tag","embeddable":true,"href":"http:\/\/collegevauban-blaye.fr\/index.php?rest_route=%2Fwp%2Fv2%2Ftags&post=9994"}],"curies":[{"name":"wp","href":"https:\/\/api.w.org\/{rel}","templated":true}]}}