{"id":5447,"date":"2021-03-07T18:41:32","date_gmt":"2021-03-07T17:41:32","guid":{"rendered":"http:\/\/collegevauban-blaye.fr\/?p=5447"},"modified":"2021-03-07T19:10:39","modified_gmt":"2021-03-07T18:10:39","slug":"les-femmes-a-lhonneur","status":"publish","type":"post","link":"https:\/\/collegevauban-blaye.fr\/?p=5447","title":{"rendered":"Les femmes \u00e0 l&#8217;honneur"},"content":{"rendered":"<p align=\"left\">A l\u2019occasion de la journ\u00e9e internationale des droits des femmes le 8 mars et dans le cadre du Parcours citoyen dont la th\u00e9matique est, ce mois-ci, la lutte contre les discriminations, une exposition est propos\u00e9e au CDI sur <strong>l\u2019histoire du f\u00e9minisme<\/strong>.<\/p>\n<p align=\"left\">L\u2019exposition pr\u00e9sent\u00e9e est tir\u00e9e du livre disponible au CDI \u00ab Le f\u00e9minisme en 7 slogans et citations \u00bb d&#8217;Anne-Charlotte Husson et Thomas Mathieu, publi\u00e9 en 2016 aux \u00e9ditions Le Lombard. L\u2019histoire du f\u00e9minisme en bande dessin\u00e9e pour retracer les grandes \u00e9tapes de ce mouvement et rendre hommage aux femmes qui ont lutt\u00e9 pour nos droits.<\/p>\n<p align=\"left\">Des travaux d\u2019\u00e9l\u00e8ves de 4\u00e8me initi\u00e9s par Mme Bourdeverre-Veyssi\u00e8re, professeure d\u2019Histoire G\u00e9ographie, viennent enrichir cette exposition. Des portraits, sous forme de lapbooks (livres-objets anim\u00e9s) mettent en valeur des femmes exceptionnelles du XIX\u00e8me si\u00e8cle, qui ont marqu\u00e9 l\u2019histoire, l\u2019art, la litt\u00e9rature ou la science. Un tr\u00e8s beau r\u00e9sultat \u00e0 admirer au CDI tout le mois de mars et qui donnera l&#8217;occasion aux \u00e9l\u00e8ves de s&#8217;exprimer sur leur vision du f\u00e9minisme.\u00a0<\/p>\n\n\n\n\n<figure class=\"wp-block-image size-large is-style-rounded\"><img loading=\"lazy\" decoding=\"async\" width=\"1024\" height=\"768\" src=\"http:\/\/collegevauban-blaye.fr\/wp-content\/uploads\/2021\/03\/IMG_20210305_170323-1024x768.jpg\" alt=\"\" class=\"wp-image-5450\" srcset=\"https:\/\/collegevauban-blaye.fr\/wp-content\/uploads\/2021\/03\/IMG_20210305_170323-1024x768.jpg 1024w, https:\/\/collegevauban-blaye.fr\/wp-content\/uploads\/2021\/03\/IMG_20210305_170323-300x225.jpg 300w, https:\/\/collegevauban-blaye.fr\/wp-content\/uploads\/2021\/03\/IMG_20210305_170323-768x576.jpg 768w, https:\/\/collegevauban-blaye.fr\/wp-content\/uploads\/2021\/03\/IMG_20210305_170323-1536x1152.jpg 1536w, https:\/\/collegevauban-blaye.fr\/wp-content\/uploads\/2021\/03\/IMG_20210305_170323-2048x1536.jpg 2048w\" sizes=\"auto, (max-width: 767px) 89vw, (max-width: 1000px) 54vw, (max-width: 1071px) 543px, 580px\" \/><figcaption>All-focus<\/figcaption><\/figure>\n\n\n\n<figure class=\"wp-block-image size-large is-style-rounded\"><img loading=\"lazy\" decoding=\"async\" width=\"768\" height=\"1024\" src=\"http:\/\/collegevauban-blaye.fr\/wp-content\/uploads\/2021\/03\/IMG_20210305_170334-768x1024.jpg\" alt=\"\" class=\"wp-image-5451\" srcset=\"https:\/\/collegevauban-blaye.fr\/wp-content\/uploads\/2021\/03\/IMG_20210305_170334-768x1024.jpg 768w, https:\/\/collegevauban-blaye.fr\/wp-content\/uploads\/2021\/03\/IMG_20210305_170334-225x300.jpg 225w, https:\/\/collegevauban-blaye.fr\/wp-content\/uploads\/2021\/03\/IMG_20210305_170334-1152x1536.jpg 1152w, https:\/\/collegevauban-blaye.fr\/wp-content\/uploads\/2021\/03\/IMG_20210305_170334-1536x2048.jpg 1536w, https:\/\/collegevauban-blaye.fr\/wp-content\/uploads\/2021\/03\/IMG_20210305_170334-scaled.jpg 1920w\" sizes=\"auto, (max-width: 767px) 89vw, (max-width: 1000px) 54vw, (max-width: 1071px) 543px, 580px\" \/><figcaption>All-focus<\/figcaption><\/figure>\n\n\n\n<figure class=\"wp-block-image size-large is-style-rounded\"><img loading=\"lazy\" decoding=\"async\" width=\"768\" height=\"1024\" src=\"http:\/\/collegevauban-blaye.fr\/wp-content\/uploads\/2021\/03\/IMG_20210305_170346-768x1024.jpg\" alt=\"\" class=\"wp-image-5452\" srcset=\"https:\/\/collegevauban-blaye.fr\/wp-content\/uploads\/2021\/03\/IMG_20210305_170346-768x1024.jpg 768w, https:\/\/collegevauban-blaye.fr\/wp-content\/uploads\/2021\/03\/IMG_20210305_170346-225x300.jpg 225w, https:\/\/collegevauban-blaye.fr\/wp-content\/uploads\/2021\/03\/IMG_20210305_170346-1152x1536.jpg 1152w, https:\/\/collegevauban-blaye.fr\/wp-content\/uploads\/2021\/03\/IMG_20210305_170346-1536x2048.jpg 1536w, https:\/\/collegevauban-blaye.fr\/wp-content\/uploads\/2021\/03\/IMG_20210305_170346-scaled.jpg 1920w\" sizes=\"auto, (max-width: 767px) 89vw, (max-width: 1000px) 54vw, (max-width: 1071px) 543px, 580px\" \/><figcaption>All-focus<\/figcaption><\/figure>\n\n\n\n<figure class=\"wp-block-image size-large is-style-rounded\"><img loading=\"lazy\" decoding=\"async\" width=\"1024\" height=\"768\" src=\"http:\/\/collegevauban-blaye.fr\/wp-content\/uploads\/2021\/03\/IMG_20210305_170357-1024x768.jpg\" alt=\"\" class=\"wp-image-5453\" srcset=\"https:\/\/collegevauban-blaye.fr\/wp-content\/uploads\/2021\/03\/IMG_20210305_170357-1024x768.jpg 1024w, https:\/\/collegevauban-blaye.fr\/wp-content\/uploads\/2021\/03\/IMG_20210305_170357-300x225.jpg 300w, https:\/\/collegevauban-blaye.fr\/wp-content\/uploads\/2021\/03\/IMG_20210305_170357-768x576.jpg 768w, https:\/\/collegevauban-blaye.fr\/wp-content\/uploads\/2021\/03\/IMG_20210305_170357-1536x1152.jpg 1536w, https:\/\/collegevauban-blaye.fr\/wp-content\/uploads\/2021\/03\/IMG_20210305_170357-2048x1536.jpg 2048w\" sizes=\"auto, (max-width: 767px) 89vw, (max-width: 1000px) 54vw, (max-width: 1071px) 543px, 580px\" \/><figcaption>All-focus<\/figcaption><\/figure>\n\n\n\n<figure class=\"wp-block-image size-large\"><img loading=\"lazy\" decoding=\"async\" width=\"768\" height=\"1024\" src=\"http:\/\/collegevauban-blaye.fr\/wp-content\/uploads\/2021\/03\/IMG_20210305_170434-768x1024.jpg\" alt=\"\" class=\"wp-image-5455\" srcset=\"https:\/\/collegevauban-blaye.fr\/wp-content\/uploads\/2021\/03\/IMG_20210305_170434-768x1024.jpg 768w, https:\/\/collegevauban-blaye.fr\/wp-content\/uploads\/2021\/03\/IMG_20210305_170434-225x300.jpg 225w, https:\/\/collegevauban-blaye.fr\/wp-content\/uploads\/2021\/03\/IMG_20210305_170434-1152x1536.jpg 1152w, https:\/\/collegevauban-blaye.fr\/wp-content\/uploads\/2021\/03\/IMG_20210305_170434-1536x2048.jpg 1536w, https:\/\/collegevauban-blaye.fr\/wp-content\/uploads\/2021\/03\/IMG_20210305_170434-scaled.jpg 1920w\" sizes=\"auto, (max-width: 767px) 89vw, (max-width: 1000px) 54vw, (max-width: 1071px) 543px, 580px\" \/><figcaption>All-focus<\/figcaption><\/figure>\n\n\n\n<figure class=\"wp-block-image size-large\"><img loading=\"lazy\" decoding=\"async\" width=\"768\" height=\"1024\" src=\"http:\/\/collegevauban-blaye.fr\/wp-content\/uploads\/2021\/03\/IMG_20210305_170441-768x1024.jpg\" alt=\"\" class=\"wp-image-5454\" srcset=\"https:\/\/collegevauban-blaye.fr\/wp-content\/uploads\/2021\/03\/IMG_20210305_170441-768x1024.jpg 768w, https:\/\/collegevauban-blaye.fr\/wp-content\/uploads\/2021\/03\/IMG_20210305_170441-225x300.jpg 225w, https:\/\/collegevauban-blaye.fr\/wp-content\/uploads\/2021\/03\/IMG_20210305_170441-1152x1536.jpg 1152w, https:\/\/collegevauban-blaye.fr\/wp-content\/uploads\/2021\/03\/IMG_20210305_170441-1536x2048.jpg 1536w, https:\/\/collegevauban-blaye.fr\/wp-content\/uploads\/2021\/03\/IMG_20210305_170441-scaled.jpg 1920w\" sizes=\"auto, (max-width: 767px) 89vw, (max-width: 1000px) 54vw, (max-width: 1071px) 543px, 580px\" \/><figcaption>All-focus<\/figcaption><\/figure>\n\n\n\n<p align=\"left\">Sources :<\/p>\n<p align=\"left\"><a href=\"https:\/\/www.lelombard.com\/bd\/petite-bedetheque-des-savoirs-la\/le-feminisme-en-7-slogans-et-citations\">https:\/\/www.lelombard.com\/bd\/petite-bedetheque-des-savoirs-la\/le-feminisme-en-7-slogans-et-citations<\/a><\/p>\n<p align=\"left\"><a href=\"https:\/\/0332347x.esidoc.fr\/\">https:\/\/0332347x.esidoc.fr\/<\/a><\/p>\n","protected":false},"excerpt":{"rendered":"<p>A l\u2019occasion de la journ\u00e9e internationale des droits des femmes le 8 mars et dans le cadre du Parcours citoyen dont la th\u00e9matique est, ce mois-ci, la lutte contre les discriminations, une exposition est propos\u00e9e au CDI sur l\u2019histoire du f\u00e9minisme. L\u2019exposition pr\u00e9sent\u00e9e est tir\u00e9e du livre disponible au CDI \u00ab Le f\u00e9minisme en 7 &hellip; <\/p>\n<p class=\"link-more\"><a href=\"https:\/\/collegevauban-blaye.fr\/?p=5447\" class=\"more-link\">Continuer la lecture<span class=\"screen-reader-text\"> de &laquo;&nbsp;Les femmes \u00e0 l&#8217;honneur&nbsp;&raquo;<\/span><\/a><\/p>\n","protected":false},"author":3,"featured_media":5457,"comment_status":"open","ping_status":"open","sticky":false,"template":"","format":"standard","meta":{"footnotes":""},"categories":[31],"tags":[],"class_list":["post-5447","post","type-post","status-publish","format-standard","has-post-thumbnail","hentry","category-parcours-citoyen"],"_links":{"self":[{"href":"https:\/\/collegevauban-blaye.fr\/index.php?rest_route=\/wp\/v2\/posts\/5447","targetHints":{"allow":["GET"]}}],"collection":[{"href":"https:\/\/collegevauban-blaye.fr\/index.php?rest_route=\/wp\/v2\/posts"}],"about":[{"href":"https:\/\/collegevauban-blaye.fr\/index.php?rest_route=\/wp\/v2\/types\/post"}],"author":[{"embeddable":true,"href":"https:\/\/collegevauban-blaye.fr\/index.php?rest_route=\/wp\/v2\/users\/3"}],"replies":[{"embeddable":true,"href":"https:\/\/collegevauban-blaye.fr\/index.php?rest_route=%2Fwp%2Fv2%2Fcomments&post=5447"}],"version-history":[{"count":5,"href":"https:\/\/collegevauban-blaye.fr\/index.php?rest_route=\/wp\/v2\/posts\/5447\/revisions"}],"predecessor-version":[{"id":5475,"href":"https:\/\/collegevauban-blaye.fr\/index.php?rest_route=\/wp\/v2\/posts\/5447\/revisions\/5475"}],"wp:featuredmedia":[{"embeddable":true,"href":"https:\/\/collegevauban-blaye.fr\/index.php?rest_route=\/wp\/v2\/media\/5457"}],"wp:attachment":[{"href":"https:\/\/collegevauban-blaye.fr\/index.php?rest_route=%2Fwp%2Fv2%2Fmedia&parent=5447"}],"wp:term":[{"taxonomy":"category","embeddable":true,"href":"https:\/\/collegevauban-blaye.fr\/index.php?rest_route=%2Fwp%2Fv2%2Fcategories&post=5447"},{"taxonomy":"post_tag","embeddable":true,"href":"https:\/\/collegevauban-blaye.fr\/index.php?rest_route=%2Fwp%2Fv2%2Ftags&post=5447"}],"curies":[{"name":"wp","href":"https:\/\/api.w.org\/{rel}","templated":true}]}}